{"id":985,"date":"2021-07-29T20:38:32","date_gmt":"2021-07-29T23:38:32","guid":{"rendered":"http:\/\/www.eacc.univasf.edu.br\/site\/?p=985"},"modified":"2023-03-17T10:52:44","modified_gmt":"2023-03-17T13:52:44","slug":"semana-tematica-astronomia","status":"publish","type":"post","link":"https:\/\/eacc.univasf.edu.br\/index.php\/2021\/07\/29\/semana-tematica-astronomia\/","title":{"rendered":"Semana Tem\u00e1tica &#8211; Astronomia"},"content":{"rendered":"<p>A Semana Tem\u00e1tica est\u00e1 se aproximando! O evento acontecer\u00e1 do dia 11\/08 (quarta-feira) ao dia 13\/08 (sexta-feira) das 18:00h \u00e0s 21:00h no canal do EACC no Youtube.<\/p>\n<p><img loading=\"lazy\" decoding=\"async\" class=\"aligncenter size-full wp-image-986\" src=\"http:\/\/www.eacc.univasf.edu.br\/site\/wp-content\/uploads\/2021\/07\/WhatsApp-Image-2021-07-15-at-08.02.59.jpeg\" alt=\"\" width=\"1080\" height=\"1080\" srcset=\"https:\/\/eacc.univasf.edu.br\/wp-content\/uploads\/2021\/07\/WhatsApp-Image-2021-07-15-at-08.02.59.jpeg 1080w, https:\/\/eacc.univasf.edu.br\/wp-content\/uploads\/2021\/07\/WhatsApp-Image-2021-07-15-at-08.02.59-150x150.jpeg 150w, https:\/\/eacc.univasf.edu.br\/wp-content\/uploads\/2021\/07\/WhatsApp-Image-2021-07-15-at-08.02.59-300x300.jpeg 300w, https:\/\/eacc.univasf.edu.br\/wp-content\/uploads\/2021\/07\/WhatsApp-Image-2021-07-15-at-08.02.59-768x768.jpeg 768w, https:\/\/eacc.univasf.edu.br\/wp-content\/uploads\/2021\/07\/WhatsApp-Image-2021-07-15-at-08.02.59-1024x1024.jpeg 1024w, https:\/\/eacc.univasf.edu.br\/wp-content\/uploads\/2021\/07\/WhatsApp-Image-2021-07-15-at-08.02.59-250x250.jpeg 250w, https:\/\/eacc.univasf.edu.br\/wp-content\/uploads\/2021\/07\/WhatsApp-Image-2021-07-15-at-08.02.59-174x174.jpeg 174w\" sizes=\"(max-width: 1080px) 100vw, 1080px\" \/><\/p>\n<p>As inscri\u00e7\u00f5es j\u00e1 est\u00e3o abertas, acesse o link <a href=\"https:\/\/www.even3.com.br\/astronomiaeacc\/\" target=\"_blank\" rel=\"noopener\">https:\/\/www.even3.com.br\/astronomiaeacc\/<\/a> e fa\u00e7a sua inscri\u00e7\u00e3o!<br \/>\nCertificado mediante inscri\u00e7\u00e3o!<\/p>\n<p><strong>Confira o Cronograma <\/strong><\/p>\n<p>No dia 11\/08 estar\u00e3o conosco:<\/p>\n<p>18:00h &#8211; Ludwig L. Nunes com a palestra: \u201cContexto hist\u00f3rico dos estudos Astron\u00f4micos\u201d.<br \/>\nLudwig \u00e9 graduando em Ci\u00eancias Biol\u00f3gicas e Presidente da Liga Acad\u00eamica de Astrobiologia da UNIVASF.<\/p>\n<p>19:30h \u00e0s 21:00h &#8211; Bruna Nizer e Leonardo M. Delfino com a palestra: \u201cOrigens do Universo\u201d.<br \/>\nBruna \u00e9 graduanda em Engenharia de Bioprocessos e Biotecnologia na UTFPR e Diretora de Pesquisa e Extens\u00e3o da equipe Orion Aerospace Design. Leonardo \u00e9 graduando de Licenciatura em Ci\u00eancias Biol\u00f3gicas na UTFPR e Analista de Extens\u00e3o. Ambos participam do Orion Aerospace Design (equipe de projetos aeroespaciais, pesquisas em astrobiologia e projetos extensionistas da Universidade Tecnol\u00f3gica Federal do Paran\u00e1 &#8211; Ponta Grossa)<\/p>\n<p>No dia 12\/08 estar\u00e3o conosco:<\/p>\n<p>\u00c0s 18:00h &#8211; A Oficina Astronomia Caseira<\/p>\n<p>\u00c0s 19:00h \u2013 21:00h &#8211; Rafael Sousa C\u00e9sar com a palestra: Do micro ao Macro<br \/>\nRafael \u00e9 Mestrando do Programa de P\u00f3s-Gradua\u00e7\u00e3o em F\u00edsica da Universidade Federal de Campina Grande na \u00e1rea de Cosmologia, com \u00eanfase em F\u00edsica de Part\u00edculas Elementares e Campos.<\/p>\n<p>No dia 13\/08 estar\u00e3o conosco:<\/p>\n<p>\u00c0s 18:00h &#8211; Felipe S\u00e9rvulo com a oficina: Astronomia Caseira<br \/>\nFelipe \u00e9 graduado em F\u00edsica pela UEPB, mestre em F\u00edsica com \u00eanfase em cosmologia pela UFCG, e atualmente professor de F\u00edsica na rede estadual de ensino da Para\u00edba. Tamb\u00e9m \u00e9 divulgador cient\u00edfico, fundador do projeto Mist\u00e9rios do Universo, astr\u00f4nomo amador, vencedor do pr\u00eamio mestres da Educa\u00e7\u00e3o em 2019 e 2020, \u00e9 membro da Associa\u00e7\u00e3o Paraibana de Astronomia e da Sociedade Astron\u00f4mica Brasileira e contribui com o Instituto Quest\u00e3o de Ci\u00eancia. \u00c9 artista pl\u00e1stico, design gr\u00e1fico e j\u00e1 contribuiu com o projeto gr\u00e1fico de 5 livros. \u00c9 autor do livro &#8220;Das Cavernas ao Espa\u00e7o: Uma Breve Hist\u00f3ria da Astronomia&#8221;.<\/p>\n<p>\u00c0s 19:00h &#8211; Vladimir Nunes com a palestra: &#8220;Fases da Lua e Influ\u00eancia nas mar\u00e9s.<br \/>\nVladimir \u00e9 graduando em Ci\u00eancias Biol\u00f3gicas e presidente do Grupo Independente em Pesquisas e Pr\u00e1ticas Cient\u00edficas &#8211; GPPC<\/p>\n<p>\u00c0s 20:00h &#8211; Professor Dr Ariel Adorno com a palestra: &#8221; Divulga\u00e7\u00e3o Cient\u00edfica como vetor de distribui\u00e7\u00e3o de saberes.<br \/>\nAriel \u00e9 graduado em matem\u00e1tica, f\u00edsica, mestrado em f\u00edsica, doutorado em f\u00edsica pela UFC, PhD em f\u00edsica pela Universidade de Antu\u00e9rpia, B\u00e9lgica, p\u00f3s doutor em f\u00edsica pela UFMT. Tem colabora\u00e7\u00e3o com mais de 10 pais e 20 estados no Brasil, trabalha com f\u00edsica da mat\u00e9ria condensada e atualmente \u00e9 coordenador do clube de astronomia e ci\u00eancias de Rond\u00f4nia onde faz divulga\u00e7\u00e3o de ci\u00eancias especialmente em ci\u00eancias de base. Diretor do n\u00facleo de Ci\u00eancias Exatas e da terra da funda\u00e7\u00e3o Universidade Federal de Rond\u00f4nia e membro da SAB.<\/p>\n","protected":false},"excerpt":{"rendered":"<p>A Semana Tem\u00e1tica est\u00e1 se aproximando! O evento acontecer\u00e1 do dia 11\/08 (quarta-feira) ao dia 13\/08 (sexta-feira) das 18:00h \u00e0s 21:00h no canal do EACC no Youtube. As inscri\u00e7\u00f5es j\u00e1 est\u00e3o abertas, acesse o link https:\/\/www.even3.com.br\/astronomiaeacc\/ e fa\u00e7a sua inscri\u00e7\u00e3o! Certificado mediante inscri\u00e7\u00e3o! Confira o Cronograma No dia 11\/08 estar\u00e3o conosco: 18:00h &#8211; Ludwig L. <a href=\"https:\/\/eacc.univasf.edu.br\/index.php\/2021\/07\/29\/semana-tematica-astronomia\/\" rel=\"nofollow\"><span class=\"sr-only\">Read more about Semana Tem\u00e1tica &#8211; Astronomia<\/span>[&hellip;]<\/a><\/p>\n","protected":false},"author":10,"featured_media":1351,"comment_status":"closed","ping_status":"closed","sticky":false,"template":"","format":"standard","meta":{"footnotes":""},"categories":[11],"tags":[],"class_list":["post-985","post","type-post","status-publish","format-standard","has-post-thumbnail","hentry","category-event"],"_links":{"self":[{"href":"https:\/\/eacc.univasf.edu.br\/index.php\/wp-json\/wp\/v2\/posts\/985"}],"collection":[{"href":"https:\/\/eacc.univasf.edu.br\/index.php\/wp-json\/wp\/v2\/posts"}],"about":[{"href":"https:\/\/eacc.univasf.edu.br\/index.php\/wp-json\/wp\/v2\/types\/post"}],"author":[{"embeddable":true,"href":"https:\/\/eacc.univasf.edu.br\/index.php\/wp-json\/wp\/v2\/users\/10"}],"replies":[{"embeddable":true,"href":"https:\/\/eacc.univasf.edu.br\/index.php\/wp-json\/wp\/v2\/comments?post=985"}],"version-history":[{"count":5,"href":"https:\/\/eacc.univasf.edu.br\/index.php\/wp-json\/wp\/v2\/posts\/985\/revisions"}],"predecessor-version":[{"id":1352,"href":"https:\/\/eacc.univasf.edu.br\/index.php\/wp-json\/wp\/v2\/posts\/985\/revisions\/1352"}],"wp:featuredmedia":[{"embeddable":true,"href":"https:\/\/eacc.univasf.edu.br\/index.php\/wp-json\/wp\/v2\/media\/1351"}],"wp:attachment":[{"href":"https:\/\/eacc.univasf.edu.br\/index.php\/wp-json\/wp\/v2\/media?parent=985"}],"wp:term":[{"taxonomy":"category","embeddable":true,"href":"https:\/\/eacc.univasf.edu.br\/index.php\/wp-json\/wp\/v2\/categories?post=985"},{"taxonomy":"post_tag","embeddable":true,"href":"https:\/\/eacc.univasf.edu.br\/index.php\/wp-json\/wp\/v2\/tags?post=985"}],"curies":[{"name":"wp","href":"https:\/\/api.w.org\/{rel}","templated":true}]}}