{"id":958,"date":"2021-02-08T21:58:26","date_gmt":"2021-02-09T00:58:26","guid":{"rendered":"http:\/\/www.eacc.univasf.edu.br\/site\/?p=958"},"modified":"2021-02-08T22:08:26","modified_gmt":"2021-02-09T01:08:26","slug":"processo-seletivo-para-bolsistas","status":"publish","type":"post","link":"https:\/\/eacc.univasf.edu.br\/index.php\/2021\/02\/08\/processo-seletivo-para-bolsistas\/","title":{"rendered":"Processo seletivo para bolsistas"},"content":{"rendered":"<p>Aten\u00e7\u00e3o!!!<\/p>\n<p>O EACC est\u00e1 com inscri\u00e7\u00f5es abertas para processo seletivo, conforme o cronograma abaixo:<\/p>\n<ol>\n<li><b>CRONOGRAMA<\/b><\/li>\n<\/ol>\n<dl>\n<dd>\n<table width=\"370\" cellspacing=\"0\" cellpadding=\"7\">\n<colgroup>\n<col width=\"182\" \/>\n<col width=\"158\" \/> <\/colgroup>\n<tbody>\n<tr valign=\"top\">\n<td width=\"182\">Lan\u00e7amento do Edital<\/td>\n<td width=\"158\">08\/02<\/td>\n<\/tr>\n<tr valign=\"top\">\n<td width=\"182\">Inscri\u00e7\u00f5es<\/td>\n<td width=\"158\">08\/02 at\u00e9 10\/02 \u00e0s 18h<\/td>\n<\/tr>\n<tr valign=\"top\">\n<td width=\"182\">Divulga\u00e7\u00e3o das inscri\u00e7\u00f5es Homologadas<\/td>\n<td width=\"158\">10\/02 a partir das 18 hs<\/td>\n<\/tr>\n<tr valign=\"top\">\n<td width=\"182\">Divulga\u00e7\u00e3o do hor\u00e1rio da entrevista (remota)<\/td>\n<td width=\"158\">10\/02 a partir das 18 hs<\/td>\n<\/tr>\n<tr valign=\"top\">\n<td width=\"182\">Entrevista<\/td>\n<td width=\"158\">11\/02<\/td>\n<\/tr>\n<tr valign=\"top\">\n<td width=\"182\">Resultado Final<\/td>\n<td width=\"158\">12\/02<\/td>\n<\/tr>\n<tr valign=\"top\">\n<td width=\"182\">Envio de documenta\u00e7\u00e3o para Implementa\u00e7\u00e3o de Bolsa<\/td>\n<td width=\"158\">12\/02 at\u00e9 15\/02<\/td>\n<\/tr>\n<\/tbody>\n<\/table>\n<\/dd>\n<\/dl>\n<p>Acesse o edital completo neste link<\/p>\n<p><a href=\"http:\/\/www.eacc.univasf.edu.br\/site\/wp-content\/uploads\/2021\/02\/Processo-seletivo-eacc_Projeto-FACEPE_2021.pdf\" target=\"_blank\" rel=\"noopener\">Processo seletivo eacc_Projeto FACEPE_2021<\/a><\/p>\n","protected":false},"excerpt":{"rendered":"<p>Aten\u00e7\u00e3o!!! O EACC est\u00e1 com inscri\u00e7\u00f5es abertas para processo seletivo, conforme o cronograma abaixo: CRONOGRAMA Lan\u00e7amento do Edital 08\/02 Inscri\u00e7\u00f5es 08\/02 at\u00e9 10\/02 \u00e0s 18h Divulga\u00e7\u00e3o das inscri\u00e7\u00f5es Homologadas 10\/02 a partir das 18 hs Divulga\u00e7\u00e3o do hor\u00e1rio da entrevista (remota) 10\/02 a partir das 18 hs Entrevista 11\/02 Resultado Final 12\/02 Envio de documenta\u00e7\u00e3o <a href=\"https:\/\/eacc.univasf.edu.br\/index.php\/2021\/02\/08\/processo-seletivo-para-bolsistas\/\" rel=\"nofollow\"><span class=\"sr-only\">Read more about Processo seletivo para bolsistas<\/span>[&hellip;]<\/a><\/p>\n","protected":false},"author":1,"featured_media":25,"comment_status":"closed","ping_status":"closed","sticky":false,"template":"","format":"standard","meta":{"footnotes":""},"categories":[1],"tags":[],"class_list":["post-958","post","type-post","status-publish","format-standard","has-post-thumbnail","hentry","category-prenovo"],"_links":{"self":[{"href":"https:\/\/eacc.univasf.edu.br\/index.php\/wp-json\/wp\/v2\/posts\/958"}],"collection":[{"href":"https:\/\/eacc.univasf.edu.br\/index.php\/wp-json\/wp\/v2\/posts"}],"about":[{"href":"https:\/\/eacc.univasf.edu.br\/index.php\/wp-json\/wp\/v2\/types\/post"}],"author":[{"embeddable":true,"href":"https:\/\/eacc.univasf.edu.br\/index.php\/wp-json\/wp\/v2\/users\/1"}],"replies":[{"embeddable":true,"href":"https:\/\/eacc.univasf.edu.br\/index.php\/wp-json\/wp\/v2\/comments?post=958"}],"version-history":[{"count":7,"href":"https:\/\/eacc.univasf.edu.br\/index.php\/wp-json\/wp\/v2\/posts\/958\/revisions"}],"predecessor-version":[{"id":968,"href":"https:\/\/eacc.univasf.edu.br\/index.php\/wp-json\/wp\/v2\/posts\/958\/revisions\/968"}],"wp:featuredmedia":[{"embeddable":true,"href":"https:\/\/eacc.univasf.edu.br\/index.php\/wp-json\/wp\/v2\/media\/25"}],"wp:attachment":[{"href":"https:\/\/eacc.univasf.edu.br\/index.php\/wp-json\/wp\/v2\/media?parent=958"}],"wp:term":[{"taxonomy":"category","embeddable":true,"href":"https:\/\/eacc.univasf.edu.br\/index.php\/wp-json\/wp\/v2\/categories?post=958"},{"taxonomy":"post_tag","embeddable":true,"href":"https:\/\/eacc.univasf.edu.br\/index.php\/wp-json\/wp\/v2\/tags?post=958"}],"curies":[{"name":"wp","href":"https:\/\/api.w.org\/{rel}","templated":true}]}}