{"id":898,"date":"2020-10-14T17:37:03","date_gmt":"2020-10-14T20:37:03","guid":{"rendered":"http:\/\/www.eacc.univasf.edu.br\/site\/?p=898"},"modified":"2020-10-14T17:37:03","modified_gmt":"2020-10-14T20:37:03","slug":"17a-semana-nacional-de-ciencia-e-tecnologia-2020","status":"publish","type":"post","link":"https:\/\/eacc.univasf.edu.br\/index.php\/2020\/10\/14\/17a-semana-nacional-de-ciencia-e-tecnologia-2020\/","title":{"rendered":"17\u00aa Semana Nacional de Ci\u00eancia e Tecnologia 2020"},"content":{"rendered":"<p>A Semana Nacional de Ci\u00eancia e Tecnologia 2020 do EACC j\u00e1 est\u00e1 chegando! <\/p>\n<p>As inscri\u00e7\u00f5es v\u00e3o at\u00e9 o dia 17\/10 \u00e0s 12h<\/p>\n<p>O primeiro evento ocorrer\u00e1 dia 19 de outubro (Segunda-feira) \u00e0s 16h, ser\u00e1 uma palestra com o professor Dr. Rodrigo Pereira Ramos, especialista em intelig\u00eancia artificial, e oficinas para colocar o conte\u00fado abordado em pr\u00e1tica de forma bastante interessante e divertida! <\/p>\n<p>Fa\u00e7a j\u00e1 sua inscri\u00e7\u00e3o neste link: <strong><a href=\"http:\/\/bit.ly\/palestra_IA\" rel=\"noopener\" target=\"_blank\">bit.ly\/palestra_IA<\/a> <\/strong><\/p>\n<p>A partir da Ter\u00e7a-Feira come\u00e7ar\u00e1 as nossas oficinas:<br \/>\n<strong>Ter\u00e7a e Quinta (20\/10 e 22\/20)<\/strong> ser\u00e1 reservado para os professores e alunos do Fundamental II<br \/>\n<strong>Quarta e Sexta (21\/10 e 23\/10)<\/strong> ser\u00e1 reservado para os professores e estudantes do Ensino M\u00e9dio<br \/>\nAs vagas para participar das oficinas s\u00e3o limitadas e o resultado das inscri\u00e7\u00f5es ser\u00e1 liberado nas nossas redes sociais no dia 19\/10. <\/p>\n<p>Professores, se inscrevam e inscrevam seus alunos no link: <strong><a href=\"http:\/\/bit.ly\/oficinas_SNCT2020\" rel=\"noopener\" target=\"_blank\">bit.ly\/oficinas_SNCT2020<\/a><\/strong><\/p>\n<p>Lembrando que todos os eventos ter\u00e3o certificado.<\/p>\n<p>#SNCT 2020 #IA #EACC #Intelig\u00eancia Artificial<br \/>\n<img loading=\"lazy\" decoding=\"async\" src=\"http:\/\/www.eacc.univasf.edu.br\/site\/wp-content\/uploads\/2020\/10\/19-\u00e0-23-de-Novembro-8.png\" alt=\"\" width=\"1080\" height=\"1080\" class=\"aligncenter size-full wp-image-899\" srcset=\"https:\/\/eacc.univasf.edu.br\/wp-content\/uploads\/2020\/10\/19-\u00e0-23-de-Novembro-8.png 1080w, https:\/\/eacc.univasf.edu.br\/wp-content\/uploads\/2020\/10\/19-\u00e0-23-de-Novembro-8-150x150.png 150w, https:\/\/eacc.univasf.edu.br\/wp-content\/uploads\/2020\/10\/19-\u00e0-23-de-Novembro-8-300x300.png 300w, https:\/\/eacc.univasf.edu.br\/wp-content\/uploads\/2020\/10\/19-\u00e0-23-de-Novembro-8-768x768.png 768w, https:\/\/eacc.univasf.edu.br\/wp-content\/uploads\/2020\/10\/19-\u00e0-23-de-Novembro-8-1024x1024.png 1024w, https:\/\/eacc.univasf.edu.br\/wp-content\/uploads\/2020\/10\/19-\u00e0-23-de-Novembro-8-250x250.png 250w, https:\/\/eacc.univasf.edu.br\/wp-content\/uploads\/2020\/10\/19-\u00e0-23-de-Novembro-8-174x174.png 174w\" sizes=\"(max-width: 1080px) 100vw, 1080px\" \/><\/p>\n","protected":false},"excerpt":{"rendered":"<p>A Semana Nacional de Ci\u00eancia e Tecnologia 2020 do EACC j\u00e1 est\u00e1 chegando! As inscri\u00e7\u00f5es v\u00e3o at\u00e9 o dia 17\/10 \u00e0s 12h O primeiro evento ocorrer\u00e1 dia 19 de outubro (Segunda-feira) \u00e0s 16h, ser\u00e1 uma palestra com o professor Dr. Rodrigo Pereira Ramos, especialista em intelig\u00eancia artificial, e oficinas para colocar o conte\u00fado abordado em <a href=\"https:\/\/eacc.univasf.edu.br\/index.php\/2020\/10\/14\/17a-semana-nacional-de-ciencia-e-tecnologia-2020\/\" rel=\"nofollow\"><span class=\"sr-only\">Read more about 17\u00aa Semana Nacional de Ci\u00eancia e Tecnologia 2020<\/span>[&hellip;]<\/a><\/p>\n","protected":false},"author":10,"featured_media":899,"comment_status":"closed","ping_status":"closed","sticky":false,"template":"","format":"standard","meta":{"footnotes":""},"categories":[11],"tags":[17,16,18,15],"class_list":["post-898","post","type-post","status-publish","format-standard","has-post-thumbnail","hentry","category-event","tag-eacc","tag-ia","tag-inteligencia-artificial","tag-snct-2020"],"_links":{"self":[{"href":"https:\/\/eacc.univasf.edu.br\/index.php\/wp-json\/wp\/v2\/posts\/898"}],"collection":[{"href":"https:\/\/eacc.univasf.edu.br\/index.php\/wp-json\/wp\/v2\/posts"}],"about":[{"href":"https:\/\/eacc.univasf.edu.br\/index.php\/wp-json\/wp\/v2\/types\/post"}],"author":[{"embeddable":true,"href":"https:\/\/eacc.univasf.edu.br\/index.php\/wp-json\/wp\/v2\/users\/10"}],"replies":[{"embeddable":true,"href":"https:\/\/eacc.univasf.edu.br\/index.php\/wp-json\/wp\/v2\/comments?post=898"}],"version-history":[{"count":9,"href":"https:\/\/eacc.univasf.edu.br\/index.php\/wp-json\/wp\/v2\/posts\/898\/revisions"}],"predecessor-version":[{"id":908,"href":"https:\/\/eacc.univasf.edu.br\/index.php\/wp-json\/wp\/v2\/posts\/898\/revisions\/908"}],"wp:featuredmedia":[{"embeddable":true,"href":"https:\/\/eacc.univasf.edu.br\/index.php\/wp-json\/wp\/v2\/media\/899"}],"wp:attachment":[{"href":"https:\/\/eacc.univasf.edu.br\/index.php\/wp-json\/wp\/v2\/media?parent=898"}],"wp:term":[{"taxonomy":"category","embeddable":true,"href":"https:\/\/eacc.univasf.edu.br\/index.php\/wp-json\/wp\/v2\/categories?post=898"},{"taxonomy":"post_tag","embeddable":true,"href":"https:\/\/eacc.univasf.edu.br\/index.php\/wp-json\/wp\/v2\/tags?post=898"}],"curies":[{"name":"wp","href":"https:\/\/api.w.org\/{rel}","templated":true}]}}