{"id":892,"date":"2020-10-09T19:41:05","date_gmt":"2020-10-09T22:41:05","guid":{"rendered":"http:\/\/www.eacc.univasf.edu.br\/site\/?p=892"},"modified":"2020-10-09T19:45:08","modified_gmt":"2020-10-09T22:45:08","slug":"snct2020","status":"publish","type":"post","link":"https:\/\/eacc.univasf.edu.br\/index.php\/2020\/10\/09\/snct2020\/","title":{"rendered":"Semana Nacional de Ci\u00eancia e Tecnologia 2020"},"content":{"rendered":"<p>A Semana Nacional de Ci\u00eancia e Tecnologia 2020 do EACC vem a\u00ed!<br \/>\nTeremos uma palestra com o professor Dr. Rodrigo Pereira Ramos, especialista em intelig\u00eancia artificial, e oficinas para colocar o conte\u00fado abordado em pr\u00e1tica de forma bastante interessante e divertida!<br \/>\nFiquem ligados nas nossas p\u00e1ginas, as inscri\u00e7\u00f5es ser\u00e3o abertas em breve, com vagas limitadas!<br \/>\n#SNCT 2020 #IA #EACC #Intelig\u00eancia Artificial<img loading=\"lazy\" decoding=\"async\" src=\"http:\/\/www.eacc.univasf.edu.br\/site\/wp-content\/uploads\/2020\/10\/WhatsApp-Image-2020-10-09-at-15.19.58.jpeg\" alt=\"\" width=\"1080\" height=\"1080\" class=\"aligncenter size-full wp-image-893\" srcset=\"https:\/\/eacc.univasf.edu.br\/wp-content\/uploads\/2020\/10\/WhatsApp-Image-2020-10-09-at-15.19.58.jpeg 1080w, https:\/\/eacc.univasf.edu.br\/wp-content\/uploads\/2020\/10\/WhatsApp-Image-2020-10-09-at-15.19.58-150x150.jpeg 150w, https:\/\/eacc.univasf.edu.br\/wp-content\/uploads\/2020\/10\/WhatsApp-Image-2020-10-09-at-15.19.58-300x300.jpeg 300w, https:\/\/eacc.univasf.edu.br\/wp-content\/uploads\/2020\/10\/WhatsApp-Image-2020-10-09-at-15.19.58-768x768.jpeg 768w, https:\/\/eacc.univasf.edu.br\/wp-content\/uploads\/2020\/10\/WhatsApp-Image-2020-10-09-at-15.19.58-1024x1024.jpeg 1024w, https:\/\/eacc.univasf.edu.br\/wp-content\/uploads\/2020\/10\/WhatsApp-Image-2020-10-09-at-15.19.58-250x250.jpeg 250w, https:\/\/eacc.univasf.edu.br\/wp-content\/uploads\/2020\/10\/WhatsApp-Image-2020-10-09-at-15.19.58-174x174.jpeg 174w\" sizes=\"(max-width: 1080px) 100vw, 1080px\" \/><\/p>\n","protected":false},"excerpt":{"rendered":"<p>A Semana Nacional de Ci\u00eancia e Tecnologia 2020 do EACC vem a\u00ed! Teremos uma palestra com o professor Dr. Rodrigo Pereira Ramos, especialista em intelig\u00eancia artificial, e oficinas para colocar o conte\u00fado abordado em pr\u00e1tica de forma bastante interessante e divertida! Fiquem ligados nas nossas p\u00e1ginas, as inscri\u00e7\u00f5es ser\u00e3o abertas em breve, com vagas limitadas! <a href=\"https:\/\/eacc.univasf.edu.br\/index.php\/2020\/10\/09\/snct2020\/\" rel=\"nofollow\"><span class=\"sr-only\">Read more about Semana Nacional de Ci\u00eancia e Tecnologia 2020<\/span>[&hellip;]<\/a><\/p>\n","protected":false},"author":10,"featured_media":893,"comment_status":"closed","ping_status":"closed","sticky":false,"template":"","format":"standard","meta":{"footnotes":""},"categories":[11],"tags":[17,16,18,15],"class_list":["post-892","post","type-post","status-publish","format-standard","has-post-thumbnail","hentry","category-event","tag-eacc","tag-ia","tag-inteligencia-artificial","tag-snct-2020"],"_links":{"self":[{"href":"https:\/\/eacc.univasf.edu.br\/index.php\/wp-json\/wp\/v2\/posts\/892"}],"collection":[{"href":"https:\/\/eacc.univasf.edu.br\/index.php\/wp-json\/wp\/v2\/posts"}],"about":[{"href":"https:\/\/eacc.univasf.edu.br\/index.php\/wp-json\/wp\/v2\/types\/post"}],"author":[{"embeddable":true,"href":"https:\/\/eacc.univasf.edu.br\/index.php\/wp-json\/wp\/v2\/users\/10"}],"replies":[{"embeddable":true,"href":"https:\/\/eacc.univasf.edu.br\/index.php\/wp-json\/wp\/v2\/comments?post=892"}],"version-history":[{"count":3,"href":"https:\/\/eacc.univasf.edu.br\/index.php\/wp-json\/wp\/v2\/posts\/892\/revisions"}],"predecessor-version":[{"id":896,"href":"https:\/\/eacc.univasf.edu.br\/index.php\/wp-json\/wp\/v2\/posts\/892\/revisions\/896"}],"wp:featuredmedia":[{"embeddable":true,"href":"https:\/\/eacc.univasf.edu.br\/index.php\/wp-json\/wp\/v2\/media\/893"}],"wp:attachment":[{"href":"https:\/\/eacc.univasf.edu.br\/index.php\/wp-json\/wp\/v2\/media?parent=892"}],"wp:term":[{"taxonomy":"category","embeddable":true,"href":"https:\/\/eacc.univasf.edu.br\/index.php\/wp-json\/wp\/v2\/categories?post=892"},{"taxonomy":"post_tag","embeddable":true,"href":"https:\/\/eacc.univasf.edu.br\/index.php\/wp-json\/wp\/v2\/tags?post=892"}],"curies":[{"name":"wp","href":"https:\/\/api.w.org\/{rel}","templated":true}]}}