{"id":832,"date":"2020-01-17T18:59:34","date_gmt":"2020-01-17T21:59:34","guid":{"rendered":"http:\/\/www.eacc.univasf.edu.br\/site\/?p=832"},"modified":"2020-01-17T18:44:23","modified_gmt":"2020-01-17T21:44:23","slug":"curso-astronomia-nas-ferias","status":"publish","type":"post","link":"https:\/\/eacc.univasf.edu.br\/index.php\/2020\/01\/17\/curso-astronomia-nas-ferias\/","title":{"rendered":"Curso:  Astronomia nas f\u00e9rias"},"content":{"rendered":"<p><a href=\"http:\/\/www.eacc.univasf.edu.br\/site\/wp-content\/uploads\/2020\/01\/Astro-005.jpg\"><img loading=\"lazy\" decoding=\"async\" class=\"alignleft wp-image-840 \" src=\"http:\/\/www.eacc.univasf.edu.br\/site\/wp-content\/uploads\/2020\/01\/Astro-005-300x200.jpg\" alt=\"\" width=\"333\" height=\"222\" srcset=\"https:\/\/eacc.univasf.edu.br\/wp-content\/uploads\/2020\/01\/Astro-005-300x200.jpg 300w, https:\/\/eacc.univasf.edu.br\/wp-content\/uploads\/2020\/01\/Astro-005-768x512.jpg 768w, https:\/\/eacc.univasf.edu.br\/wp-content\/uploads\/2020\/01\/Astro-005-1024x683.jpg 1024w, https:\/\/eacc.univasf.edu.br\/wp-content\/uploads\/2020\/01\/Astro-005-750x500.jpg 750w, https:\/\/eacc.univasf.edu.br\/wp-content\/uploads\/2020\/01\/Astro-005.jpg 2048w\" sizes=\"(max-width: 333px) 100vw, 333px\" \/><\/a>Ol\u00e1 a todos!<br \/>\nO n\u00facleo de astronomia do EACC oferecer\u00e1, nos dias 17 e 18 de fevereiro, um minicurso de astronomia. A programa\u00e7\u00e3o tem\u00a0 inicio \u00e0s 14h e vai at\u00e9 as 21h, com observa\u00e7\u00e3o do c\u00e9u.\u00a0 Informa\u00e7\u00f5es sobre a programa\u00e7\u00e3o e inscri\u00e7\u00f5es podem ser obtidas na p\u00e1gina do evento:<\/p>\n<p><a href=\"https:\/\/astrounivasf2020a.blogspot.com\" target=\"_blank\" rel=\"noopener\">https:\/\/astrounivasf2020a.blogspot.com\u00a0<\/a><br \/>\nAbra\u00e7os<\/p>\n<p><strong>Equipe EACC<\/strong><\/p>\n<p>&nbsp;<\/p>\n<p>&nbsp;<\/p>\n<p><a href=\"http:\/\/www.eacc.univasf.edu.br\/site\/wp-content\/uploads\/2020\/01\/Astro-004.jpg\"><img loading=\"lazy\" decoding=\"async\" class=\"wp-image-839 alignnone\" src=\"http:\/\/www.eacc.univasf.edu.br\/site\/wp-content\/uploads\/2020\/01\/Astro-004-300x225.jpg\" alt=\"\" width=\"335\" height=\"251\" srcset=\"https:\/\/eacc.univasf.edu.br\/wp-content\/uploads\/2020\/01\/Astro-004-300x225.jpg 300w, https:\/\/eacc.univasf.edu.br\/wp-content\/uploads\/2020\/01\/Astro-004-768x576.jpg 768w, https:\/\/eacc.univasf.edu.br\/wp-content\/uploads\/2020\/01\/Astro-004.jpg 1024w, https:\/\/eacc.univasf.edu.br\/wp-content\/uploads\/2020\/01\/Astro-004-285x214.jpg 285w\" sizes=\"(max-width: 335px) 100vw, 335px\" \/><\/a><\/p>\n","protected":false},"excerpt":{"rendered":"<p>Ol\u00e1 a todos! O n\u00facleo de astronomia do EACC oferecer\u00e1, nos dias 17 e 18 de fevereiro, um minicurso de astronomia. A programa\u00e7\u00e3o tem\u00a0 inicio \u00e0s 14h e vai at\u00e9 as 21h, com observa\u00e7\u00e3o do c\u00e9u.\u00a0 Informa\u00e7\u00f5es sobre a programa\u00e7\u00e3o e inscri\u00e7\u00f5es podem ser obtidas na p\u00e1gina do evento: https:\/\/astrounivasf2020a.blogspot.com\u00a0 Abra\u00e7os Equipe EACC &nbsp; &nbsp;<\/p>\n","protected":false},"author":1,"featured_media":851,"comment_status":"closed","ping_status":"closed","sticky":false,"template":"","format":"standard","meta":{"footnotes":""},"categories":[11],"tags":[13,8],"class_list":["post-832","post","type-post","status-publish","format-standard","has-post-thumbnail","hentry","category-event","tag-cursos","tag-noticias"],"_links":{"self":[{"href":"https:\/\/eacc.univasf.edu.br\/index.php\/wp-json\/wp\/v2\/posts\/832"}],"collection":[{"href":"https:\/\/eacc.univasf.edu.br\/index.php\/wp-json\/wp\/v2\/posts"}],"about":[{"href":"https:\/\/eacc.univasf.edu.br\/index.php\/wp-json\/wp\/v2\/types\/post"}],"author":[{"embeddable":true,"href":"https:\/\/eacc.univasf.edu.br\/index.php\/wp-json\/wp\/v2\/users\/1"}],"replies":[{"embeddable":true,"href":"https:\/\/eacc.univasf.edu.br\/index.php\/wp-json\/wp\/v2\/comments?post=832"}],"version-history":[{"count":11,"href":"https:\/\/eacc.univasf.edu.br\/index.php\/wp-json\/wp\/v2\/posts\/832\/revisions"}],"predecessor-version":[{"id":834,"href":"https:\/\/eacc.univasf.edu.br\/index.php\/wp-json\/wp\/v2\/posts\/832\/revisions\/834"}],"wp:featuredmedia":[{"embeddable":true,"href":"https:\/\/eacc.univasf.edu.br\/index.php\/wp-json\/wp\/v2\/media\/851"}],"wp:attachment":[{"href":"https:\/\/eacc.univasf.edu.br\/index.php\/wp-json\/wp\/v2\/media?parent=832"}],"wp:term":[{"taxonomy":"category","embeddable":true,"href":"https:\/\/eacc.univasf.edu.br\/index.php\/wp-json\/wp\/v2\/categories?post=832"},{"taxonomy":"post_tag","embeddable":true,"href":"https:\/\/eacc.univasf.edu.br\/index.php\/wp-json\/wp\/v2\/tags?post=832"}],"curies":[{"name":"wp","href":"https:\/\/api.w.org\/{rel}","templated":true}]}}