{"id":82,"date":"2015-06-12T10:25:01","date_gmt":"2015-06-12T13:25:01","guid":{"rendered":"http:\/\/www.eacc.univasf.edu.br\/site\/?p=82"},"modified":"2019-05-29T11:15:57","modified_gmt":"2019-05-29T14:15:57","slug":"reitor-da-univasf-se-reune-com-governador-de-pernambuco-e-projeta-parcerias","status":"publish","type":"post","link":"https:\/\/eacc.univasf.edu.br\/index.php\/2015\/06\/12\/reitor-da-univasf-se-reune-com-governador-de-pernambuco-e-projeta-parcerias\/","title":{"rendered":"Reitor da UNIVASF se re\u00fane com governador de Pernambuco e projeta parcerias"},"content":{"rendered":"<p>&nbsp;<\/p>\n<div class=\"wsw\">\n<div><\/div>\n<div><img loading=\"lazy\" decoding=\"async\" class=\"alignnone wp-image-197\" src=\"http:\/\/www.eacc.univasf.edu.br\/site\/wp-content\/uploads\/2017\/01\/foto2-n2731-300x201.jpg\" alt=\"\" width=\"393\" height=\"263\" srcset=\"https:\/\/eacc.univasf.edu.br\/wp-content\/uploads\/2017\/01\/foto2-n2731-300x201.jpg 300w, https:\/\/eacc.univasf.edu.br\/wp-content\/uploads\/2017\/01\/foto2-n2731.jpg 448w\" sizes=\"(max-width: 393px) 100vw, 393px\" \/><\/div>\n<div><\/div>\n<div style=\"text-align: justify;\">\u00a0 \u00a0 \u00a0 \u00a0O reitor da Universidade Federal do Vale do S\u00e3o Francisco (Univasf), Julianeli Tolentino de Lima foi recebido pelo governador de Pernambuco, Paulo C\u00e2mara e membros do secretariado estadual, em audi\u00eancia no Pal\u00e1cio do Campo das Princesas, sede do governo. A reuni\u00e3o realizada na \u00faltima segunda-feira (8) contou com a participa\u00e7\u00e3o dos secret\u00e1rios de Meio Ambiente e Sustentabilidade, Sergio Xavier; Ci\u00eancia, Tecnologia e Inova\u00e7\u00e3o, L\u00facia de Melo, e Desenvolvimento Econ\u00f4mico, Thiago Nor\u00f5es. Os principais objetivos da visita foram a retomada do termo de coopera\u00e7\u00e3o com o Governo do Estado para a conclus\u00e3o da nova sede do Espa\u00e7o de Arte, Ci\u00eancia e Cultura da Univasf (EACC), na cidade de Petrolina, e a prospec\u00e7\u00e3o de projetos de parceria junto ao Ref\u00fagio de Vida Silvestre Tatu-Bola, Unidade de Conserva\u00e7\u00e3o (UC) abrangida pelos munic\u00edpios de Petrolina, Lagoa Grande e Santa Maria da Boa Vista.<\/div>\n<div style=\"text-align: justify;\">Entre as demandas apresentadas pela Reitoria est\u00e1 a contrapartida financeira do Governo de Pernambuco, na ordem de R$ 2 milh\u00f5es, destinadas ao EACC\/Univasf, o equivalente a 40% dos recursos estimados para a conclus\u00e3o do pr\u00e9dio e finaliza\u00e7\u00e3o de obras de urbaniza\u00e7\u00e3o interna, ilumina\u00e7\u00e3o, entre outras. Atualmente todo o acervo que re\u00fane experimentos, instrumentos cient\u00edficos e multim\u00eddia est\u00e3o montados provisoriamente, em instala\u00e7\u00f5es da universidade, em Juazeiro (BA), at\u00e9 que a sede definitiva possa abrig\u00e1-los em ambiente adequado e para a execu\u00e7\u00e3o das atividades que comp\u00f5em a agenda de servi\u00e7os oferecidos \u00e0 comunidade. \u201cA perspectiva \u00e9 que se n\u00f3s tivermos esse recurso j\u00e1 no pr\u00f3ximo semestre, n\u00f3s finalizaremos a obra no segundo semestre de 2016\u201d, afirmou Julianeli Tolentino. A proje\u00e7\u00e3o \u00e9 que o novo EACC, quando conclu\u00eddo, receba cerca de 60 mil visitas\/ano.<\/div>\n<div style=\"text-align: justify;\"><\/div>\n<div style=\"text-align: justify;\"><a href=\"http:\/\/paticionunes.blogspot.com.br\/2015\/06\/reitor-da-univasf-se-reune-com.html\" target=\"_blank\" rel=\"noopener\">http:\/\/paticionunes.blogspot.com.br\/2015\/06\/reitor-da-univasf-se-reune-com.html<\/a><\/div>\n<\/div>\n<p>&nbsp;<\/p>\n","protected":false},"excerpt":{"rendered":"<p>&nbsp; \u00a0 \u00a0 \u00a0 \u00a0O reitor da Universidade Federal do Vale do S\u00e3o Francisco (Univasf), Julianeli Tolentino de Lima foi recebido pelo governador de Pernambuco, Paulo C\u00e2mara e membros do secretariado estadual, em audi\u00eancia no Pal\u00e1cio do Campo das Princesas, sede do governo. A reuni\u00e3o realizada na \u00faltima segunda-feira (8) contou com a participa\u00e7\u00e3o dos <a href=\"https:\/\/eacc.univasf.edu.br\/index.php\/2015\/06\/12\/reitor-da-univasf-se-reune-com-governador-de-pernambuco-e-projeta-parcerias\/\" rel=\"nofollow\"><span class=\"sr-only\">Read more about Reitor da UNIVASF se re\u00fane com governador de Pernambuco e projeta parcerias<\/span>[&hellip;]<\/a><\/p>\n","protected":false},"author":1,"featured_media":197,"comment_status":"closed","ping_status":"closed","sticky":false,"template":"","format":"standard","meta":{"footnotes":""},"categories":[1],"tags":[8],"class_list":["post-82","post","type-post","status-publish","format-standard","has-post-thumbnail","hentry","category-prenovo","tag-noticias"],"_links":{"self":[{"href":"https:\/\/eacc.univasf.edu.br\/index.php\/wp-json\/wp\/v2\/posts\/82"}],"collection":[{"href":"https:\/\/eacc.univasf.edu.br\/index.php\/wp-json\/wp\/v2\/posts"}],"about":[{"href":"https:\/\/eacc.univasf.edu.br\/index.php\/wp-json\/wp\/v2\/types\/post"}],"author":[{"embeddable":true,"href":"https:\/\/eacc.univasf.edu.br\/index.php\/wp-json\/wp\/v2\/users\/1"}],"replies":[{"embeddable":true,"href":"https:\/\/eacc.univasf.edu.br\/index.php\/wp-json\/wp\/v2\/comments?post=82"}],"version-history":[{"count":6,"href":"https:\/\/eacc.univasf.edu.br\/index.php\/wp-json\/wp\/v2\/posts\/82\/revisions"}],"predecessor-version":[{"id":783,"href":"https:\/\/eacc.univasf.edu.br\/index.php\/wp-json\/wp\/v2\/posts\/82\/revisions\/783"}],"wp:featuredmedia":[{"embeddable":true,"href":"https:\/\/eacc.univasf.edu.br\/index.php\/wp-json\/wp\/v2\/media\/197"}],"wp:attachment":[{"href":"https:\/\/eacc.univasf.edu.br\/index.php\/wp-json\/wp\/v2\/media?parent=82"}],"wp:term":[{"taxonomy":"category","embeddable":true,"href":"https:\/\/eacc.univasf.edu.br\/index.php\/wp-json\/wp\/v2\/categories?post=82"},{"taxonomy":"post_tag","embeddable":true,"href":"https:\/\/eacc.univasf.edu.br\/index.php\/wp-json\/wp\/v2\/tags?post=82"}],"curies":[{"name":"wp","href":"https:\/\/api.w.org\/{rel}","templated":true}]}}