{"id":79,"date":"2016-04-20T08:36:10","date_gmt":"2016-04-20T11:36:10","guid":{"rendered":"http:\/\/www.eacc.univasf.edu.br\/site\/?p=79"},"modified":"2017-01-28T13:16:23","modified_gmt":"2017-01-28T16:16:23","slug":"chamada-para-composicao-do-conselho-deliberativo-cd-do-eacc","status":"publish","type":"post","link":"https:\/\/eacc.univasf.edu.br\/index.php\/2016\/04\/20\/chamada-para-composicao-do-conselho-deliberativo-cd-do-eacc\/","title":{"rendered":"Chamada para composi\u00e7\u00e3o do Conselho Deliberativo, CD, do EACC."},"content":{"rendered":"<div style=\"text-align: justify;\">Est\u00e3o abertas as inscri\u00e7\u00f5es para escolha dos membros do Conselho Deliberativo, CD, do EACC.<\/div>\n<div style=\"text-align: justify;\"><\/div>\n<div style=\"text-align: justify;\"><strong>Quem pode se inscrever?<\/strong><\/div>\n<div style=\"text-align: justify;\">Qualquer docente efetivo da UNIVASF pode se inscrever.<\/div>\n<div style=\"text-align: justify;\"><\/div>\n<div style=\"text-align: justify;\"><strong>Quantos membros comp\u00f5e o CD?<\/strong><\/div>\n<div style=\"text-align: justify;\">S\u00e3o sete membros, sendo:<\/div>\n<ul style=\"text-align: justify;\">\n<li>O Diretor do EACC;<\/li>\n<li>Um representante escolhido pela PROEX;<\/li>\n<li>5 representantes dos colegiados acad\u00eamicos, selecionados pela C\u00e2mara de extens\u00e3o.<\/li>\n<\/ul>\n<div style=\"text-align: justify;\"><\/div>\n<div style=\"text-align: justify;\"><strong>Bem, \u00a0quais s\u00e3o as atribui\u00e7\u00f5es?<\/strong><\/div>\n<div style=\"text-align: justify;\">O CD \u00e9 a unidade colegiada com fun\u00e7\u00e3o de orienta\u00e7\u00e3o e assessoramento ao Diretor no planejamento das atividades cient\u00edficas\u00a0e de gest\u00e3o do EACC. Mais detalhes podem ser conferidas no regimento aprovado pelo CONUNI (Resolu\u00e7\u00e3o 14\/2015\u00a0<a href=\"http:\/\/goo.gl\/27SuiL\" target=\"_blank\">http:\/\/goo.gl\/27SuiL<\/a> \u00a0)<\/div>\n<div style=\"text-align: justify;\"><\/div>\n<div style=\"text-align: justify;\"><strong>Por que \u00e9 importante a constitui\u00e7\u00e3o do CD?<\/strong><\/div>\n<div style=\"text-align: justify;\">Bem . . . um passo importante na consolida\u00e7\u00e3o do EACC \u00e9 a sua institucionaliza\u00e7\u00e3o. Atrav\u00e9s do CD a comunidade interna da\u00a0UNIVASF tem participa\u00e7\u00e3o na gest\u00e3o deste grande projeto. Aqui quero refor\u00e7ar que esta consolida\u00e7\u00e3o do EACC \u00e9 um projeto\u00a0que necessita do acolhimento pela comunidade, o primeiro passo \u00e9 o acolhimento do EACC pela comunidade univasfiana. A\u00a0partir do empoderamento do projeto, dentro da UNIVASF, o mesmo tem condi\u00e7\u00f5es de conquistar a comunidade, os pol\u00edticos, os\u00a0empres\u00e1rios, a sociedade. Enfim, o EACC tem como meta tornar-se um \u00edcone para a regi\u00e3o. Voc\u00ea acredita nisto? Quanto \u00a0 mais\u00a0pessoas acreditarem, mais real se torna o \u00a0projeto. Este \u00e9 o primeiro passo!<\/div>\n<div style=\"text-align: justify;\"><\/div>\n<div style=\"text-align: justify;\"><strong>Isto vai tomar muito do meu tempo?<\/strong><\/div>\n<div style=\"text-align: justify;\">Bem&#8230; \u00e9 um trabalho desafiador, principalmente nesta fase. Para se ter uma id\u00e9ia, com a forma\u00e7\u00e3o do CD, j\u00e1 se inicia o\u00a0processo de escolha do futuro Diretor. Uma das atribui\u00e7\u00f5es do CD \u00e9 criar um Comit\u00ea de Busca, CB, que por sua vez elaborar\u00e1\u00a0a lista tr\u00edplice, a partir da qual o reitor escolhe o Diretor. Este sistema de comit\u00ea de busca e elabora\u00e7\u00e3o de lista\u00a0tr\u00edplice \u00e9 utilizado nos centros de excel\u00eancia do Brasil, como por exemplo, o IMPA (<a href=\"https:\/\/goo.gl\/xdkcr7\" target=\"_blank\">http:\/\/goo.gl\/xdkcr7<\/a>), MAST\u00a0(<a href=\"http:\/\/goo.gl\/RcWTyq\" target=\"_blank\">http:\/\/goo.gl\/RcWTyq<\/a>) e outros..<\/div>\n<div style=\"text-align: justify;\"><\/div>\n<div style=\"text-align: justify;\"><strong>Como fa\u00e7o para me candidatar?<\/strong><\/div>\n<div style=\"text-align: justify;\">Enviando uma mensagem para:<\/div>\n<div style=\"text-align: justify;\">proex@univasf.edu.br<\/div>\n<div style=\"text-align: justify;\">assunto: \u00a0Conselho Deliberativo do EACC<\/div>\n<div style=\"text-align: justify;\">Respondendo \u00e0 pergunta: Por qu\u00ea voc\u00ea quer ser membro do Conselho Deliberativo do EACC?<\/div>\n<div style=\"text-align: justify;\">E um link para o curr\u00edculo Lattes<\/div>\n<div style=\"text-align: justify;\"><\/div>\n<div style=\"text-align: justify;\"><strong>At\u00e9 quando posso me inscrever?<\/strong><\/div>\n<div style=\"text-align: justify;\">Bem. . . \u00a0considerando que o prazo m\u00e1ximo no regimento \u00e9 at\u00e9 18 de junho, podemos estabelecer que todos os nomes j\u00e1\u00a0dever\u00e3o estar dispon\u00edveis \u00e0 C\u00e2mara de Extens\u00e3o pelo menos um m\u00eas antes, para que a mesma decida a melhor forma de fazer a\u00a0sele\u00e7\u00e3o dos candidatos. Assim \u00e9 razo\u00e1vel que os nomes sejam inscritos at\u00e9 <strong>18 de maio.<\/strong><\/div>\n<div style=\"text-align: justify;\"><\/div>\n<div style=\"text-align: justify;\"><strong>Estou em d\u00favida, queria saber um pouco mais sobre o EACC?<\/strong><\/div>\n<div style=\"text-align: justify;\">Para aqueles que est\u00e3o indecisos e queiram saber mais sobre o EACC, conversar e fazer uma visita, \u00e9 s\u00f3 entrar em contato\u00a0com o coordenador atrav\u00e9s do e-mail:<\/div>\n<div style=\"text-align: justify;\">militao.figueredo@univasf.edu.br<\/div>\n<div style=\"text-align: justify;\"><\/div>\n<div style=\"text-align: justify;\">Sem mais<\/div>\n<div style=\"text-align: justify;\"><\/div>\n<div style=\"text-align: justify;\">Abra\u00e7os<\/div>\n<div style=\"text-align: justify;\"><\/div>\n<div style=\"text-align: justify;\">Milit\u00e3o Figueredo<\/div>\n<div style=\"text-align: justify;\">Coordenador EACC\/PROEX<\/div>\n<div style=\"text-align: justify;\"><a href=\"http:\/\/www.eacc.univasf.edu.br\/\" target=\"_blank\">http:\/\/www.eacc.univasf.edu.br<\/a><\/div>\n<div style=\"text-align: justify;\"><a href=\"https:\/\/www.facebook.com\/eaccunivasf\/\" target=\"_blank\">https:\/\/www.facebook.com\/eaccunivasf\/<\/a><\/div>\n<p>&nbsp;<\/p>\n","protected":false},"excerpt":{"rendered":"<p>Est\u00e3o abertas as inscri\u00e7\u00f5es para escolha dos membros do Conselho Deliberativo, CD, do EACC. Quem pode se inscrever? Qualquer docente efetivo da UNIVASF pode se inscrever. Quantos membros comp\u00f5e o CD? S\u00e3o sete membros, sendo: O Diretor do EACC; Um representante escolhido pela PROEX; 5 representantes dos colegiados acad\u00eamicos, selecionados pela C\u00e2mara de extens\u00e3o. Bem, <a href=\"https:\/\/eacc.univasf.edu.br\/index.php\/2016\/04\/20\/chamada-para-composicao-do-conselho-deliberativo-cd-do-eacc\/\" rel=\"nofollow\"><span class=\"sr-only\">Read more about Chamada para composi\u00e7\u00e3o do Conselho Deliberativo, CD, do EACC.<\/span>[&hellip;]<\/a><\/p>\n","protected":false},"author":1,"featured_media":159,"comment_status":"closed","ping_status":"closed","sticky":false,"template":"","format":"standard","meta":{"footnotes":""},"categories":[1],"tags":[8],"class_list":["post-79","post","type-post","status-publish","format-standard","has-post-thumbnail","hentry","category-prenovo","tag-noticias"],"_links":{"self":[{"href":"https:\/\/eacc.univasf.edu.br\/index.php\/wp-json\/wp\/v2\/posts\/79"}],"collection":[{"href":"https:\/\/eacc.univasf.edu.br\/index.php\/wp-json\/wp\/v2\/posts"}],"about":[{"href":"https:\/\/eacc.univasf.edu.br\/index.php\/wp-json\/wp\/v2\/types\/post"}],"author":[{"embeddable":true,"href":"https:\/\/eacc.univasf.edu.br\/index.php\/wp-json\/wp\/v2\/users\/1"}],"replies":[{"embeddable":true,"href":"https:\/\/eacc.univasf.edu.br\/index.php\/wp-json\/wp\/v2\/comments?post=79"}],"version-history":[{"count":4,"href":"https:\/\/eacc.univasf.edu.br\/index.php\/wp-json\/wp\/v2\/posts\/79\/revisions"}],"predecessor-version":[{"id":393,"href":"https:\/\/eacc.univasf.edu.br\/index.php\/wp-json\/wp\/v2\/posts\/79\/revisions\/393"}],"wp:featuredmedia":[{"embeddable":true,"href":"https:\/\/eacc.univasf.edu.br\/index.php\/wp-json\/wp\/v2\/media\/159"}],"wp:attachment":[{"href":"https:\/\/eacc.univasf.edu.br\/index.php\/wp-json\/wp\/v2\/media?parent=79"}],"wp:term":[{"taxonomy":"category","embeddable":true,"href":"https:\/\/eacc.univasf.edu.br\/index.php\/wp-json\/wp\/v2\/categories?post=79"},{"taxonomy":"post_tag","embeddable":true,"href":"https:\/\/eacc.univasf.edu.br\/index.php\/wp-json\/wp\/v2\/tags?post=79"}],"curies":[{"name":"wp","href":"https:\/\/api.w.org\/{rel}","templated":true}]}}