{"id":744,"date":"2019-02-28T12:43:32","date_gmt":"2019-02-28T15:43:32","guid":{"rendered":"http:\/\/www.eacc.univasf.edu.br\/site\/?p=744"},"modified":"2019-02-28T12:48:17","modified_gmt":"2019-02-28T15:48:17","slug":"construindo-a-equidade-a-ciencia-na-desigualdade","status":"publish","type":"post","link":"https:\/\/eacc.univasf.edu.br\/index.php\/2019\/02\/28\/construindo-a-equidade-a-ciencia-na-desigualdade\/","title":{"rendered":"\u201cConstruindo a Equidade: a ci\u00eancia na desigualdade\u201d"},"content":{"rendered":"<p>&nbsp;<\/p>\n<p><img loading=\"lazy\" decoding=\"async\" class=\"aligncenter size-full wp-image-746\" src=\"http:\/\/www.eacc.univasf.edu.br\/site\/wp-content\/uploads\/2019\/02\/BANNER-GERAL-CONSTRUINDO-EQUIDADE.jpg\" alt=\"\" width=\"3513\" height=\"2483\" srcset=\"https:\/\/eacc.univasf.edu.br\/wp-content\/uploads\/2019\/02\/BANNER-GERAL-CONSTRUINDO-EQUIDADE.jpg 3513w, https:\/\/eacc.univasf.edu.br\/wp-content\/uploads\/2019\/02\/BANNER-GERAL-CONSTRUINDO-EQUIDADE-300x212.jpg 300w, https:\/\/eacc.univasf.edu.br\/wp-content\/uploads\/2019\/02\/BANNER-GERAL-CONSTRUINDO-EQUIDADE-768x543.jpg 768w, https:\/\/eacc.univasf.edu.br\/wp-content\/uploads\/2019\/02\/BANNER-GERAL-CONSTRUINDO-EQUIDADE-1024x724.jpg 1024w\" sizes=\"(max-width: 3513px) 100vw, 3513px\" \/><\/p>\n<p>Prezadxs, bom dia!<\/p>\n<p>O EACC tem o prazer de convidar e divulgar o evento \u201cConstruindo a Equidade: a ci\u00eancia na desigualdade\u201d, a ser realizado entre os dias 12 \u00e0 14 de Mar\u00e7o no Centro de Cultura Jo\u00e3o Gilberto. O evento \u00e9 vinculado \u00e0 Semana Nacional de Ci\u00eancia e Tecnologia de 2018, com o apoio do CNPq, PROEX-UNIVASF, e Centro de Cultura Jo\u00e3o Gilberto.<\/p>\n<p>Al\u00e9m das oficinas e exposi\u00e7\u00f5es, o EACC promover\u00e1 no evento a mesa redonda \u201cMulheres na Ci\u00eancia\u201d, no dia 14 de Mar\u00e7o, \u00e0s 14:00, com a participa\u00e7\u00e3o de Rafaela Falaschi (Doutora em Entomologia, Co- criadora e editora do site <a href=\"http:\/\/mulheresnaciencia.com.br\/\" target=\"_blank\" rel=\"noopener\">mulheresnaciencia.com.br<\/a>.), Paula Galr\u00e3o (Doutora em Ci\u00eancias Sociais, professora do curso de Ci\u00eancias Sociais da Univasf) e Ivani Brys (Doutora em psicobiologia, professora do curso de Psicologia da Univasf).<\/p>\n<p><img loading=\"lazy\" decoding=\"async\" class=\"aligncenter size-full wp-image-751\" src=\"http:\/\/www.eacc.univasf.edu.br\/site\/wp-content\/uploads\/2019\/02\/cartaz-Mesa-Mulheres-na-Ci\u00eancia.jpg\" alt=\"\" width=\"2363\" height=\"2369\" srcset=\"https:\/\/eacc.univasf.edu.br\/wp-content\/uploads\/2019\/02\/cartaz-Mesa-Mulheres-na-Ci\u00eancia.jpg 2363w, https:\/\/eacc.univasf.edu.br\/wp-content\/uploads\/2019\/02\/cartaz-Mesa-Mulheres-na-Ci\u00eancia-150x150.jpg 150w, https:\/\/eacc.univasf.edu.br\/wp-content\/uploads\/2019\/02\/cartaz-Mesa-Mulheres-na-Ci\u00eancia-300x300.jpg 300w, https:\/\/eacc.univasf.edu.br\/wp-content\/uploads\/2019\/02\/cartaz-Mesa-Mulheres-na-Ci\u00eancia-768x770.jpg 768w, https:\/\/eacc.univasf.edu.br\/wp-content\/uploads\/2019\/02\/cartaz-Mesa-Mulheres-na-Ci\u00eancia-1021x1024.jpg 1021w, https:\/\/eacc.univasf.edu.br\/wp-content\/uploads\/2019\/02\/cartaz-Mesa-Mulheres-na-Ci\u00eancia-250x250.jpg 250w, https:\/\/eacc.univasf.edu.br\/wp-content\/uploads\/2019\/02\/cartaz-Mesa-Mulheres-na-Ci\u00eancia-174x174.jpg 174w\" sizes=\"(max-width: 2363px) 100vw, 2363px\" \/><\/p>\n<p>Informa\u00e7\u00f5es pelos contatos:<\/p>\n<p>(74) 3611-6508<\/p>\n<p><a href=\"http:\/\/www.eacc.univasf.edu.br\/site\/\">www.eacc.univasf.edu.br<\/a><\/p>\n<p><a href=\"https:\/\/www.facebook.com\/eaccunivasf\" target=\"_blank\" rel=\"noopener\">www.facebook.com\/eaccunivasf<\/a><\/p>\n<p><strong>Sobre a Semana Nacional de Ci\u00eancia e Tecnologia (SNCT)<\/strong><\/p>\n<p>O EACC vem tradicionalmente participado das atividades da SNCT, projeto desenvolvido pelo Minist\u00e9rio da Ci\u00eancia, Tecnologia, Informa\u00e7\u00f5es e Comunica\u00e7\u00f5es, e que tem o intuito de promover uma aproxima\u00e7\u00e3o do p\u00fablico convencional com a cultura cient\u00edfica. A SNCT ocorre anualmente, com eventos concentrados em Outubro, e o EACC j\u00e1 est\u00e1 na sua quarta participa\u00e7\u00e3o. Na edi\u00e7\u00e3o de 2017, por exemplo, o EACC promoveu o evento \u201cNa Trilha da Matem\u00e1tica\u201d em parceria com o PROFMAT-UNIVASF , sucesso absoluto entre os jovens estudantes e professores da regi\u00e3o.<\/p>\n<p>Nesse ano, mantendo a tradi\u00e7\u00e3o, a semana ocorrer\u00e1 com o a tem\u00e1tica &#8220;Ci\u00eancia e tecnologia para redu\u00e7\u00e3o das desigualdades&#8221;, com o projeto &#8220;Construindo a Equidade: a ci\u00eancia na desigualdade&#8221;! Teremos diversas atividades, como jogos, demonstra\u00e7\u00f5es por meio de gr\u00e1ficos l\u00fadicos e interativos de dados est\u00e1ticos sobre desigualdades, e a mesa redonda com o tema \u201cMulheres na Ci\u00eancia\u201d<\/p>\n<p>P\u00fabico alvo: alunos do ensino fundamental e m\u00e9dio da regi\u00e3o do Vale do S\u00e3o Francisco, mas o evento \u00e9 aberto ao p\u00fablico em geral<\/p>\n<p>Inscri\u00e7\u00e3o: s\u00f3 \u00e9 necess\u00e1rio a inscri\u00e7\u00e3o\/agendamento para grupos acima de 10 pessoas.<\/p>\n<p>Local: Centro de Cultura Jo\u00e3o Gilberto, em Juazeiro\/BA<\/p>\n<p>Per\u00edodo: 12, 13 e 14 de Mar\u00e7o<\/p>\n<p>Atividades: 12 e 13 de Mar\u00e7o das 9:00 as 17:00 (intervalo de almo\u00e7o das 12:00 as 14:00) com atendimento nas oficinas e exposi\u00e7\u00e3o; 14 de Mar\u00e7o das 9:00 \u00e0 12:00, com atendimento nas oficinas e exposi\u00e7\u00e3o; dia 14 de Mar\u00e7o das 14:00 \u00e0s 17:00 Mesa Redonda \u201cMulheres na Ci\u00eancia\u201d.<\/p>\n<p><strong>Sobre o Espa\u00e7o Arte, Ci\u00eancia e Cultura<\/strong><\/p>\n<p>O Espa\u00e7o Arte, Ci\u00eancia e Cultura (EACC) \u00e9 o Museu da Universidade Federal do Vale do S\u00e3o Francisco (UNIVASF), ligado \u00e0 Pr\u00f3-Reitoria de Extens\u00e3o (PROEX), destinado \u00e0 difus\u00e3o e populariza\u00e7\u00e3o da Ci\u00eancia com o intuito de despertar o sonhar por meio da dissemina\u00e7\u00e3o do conhecimento multidisciplinar e da aprendizagem interativa.<\/p>\n<p>Conforme seu regimento, seus objetivos abordam tamb\u00e9m a promo\u00e7\u00e3o da intera\u00e7\u00e3o entre ci\u00eancia e arte, o fornecimento de um espa\u00e7o alternativo de lazer e conv\u00edvio, a divulga\u00e7\u00e3o e valoriza\u00e7\u00e3o da s\u00f3cio-biodiversidade da regi\u00e3o do Rio S\u00e3o Francisco, e a forma\u00e7\u00e3o de educadores em um espa\u00e7o de ensino n\u00e3o formal. Para tal, o EACC \u00e9 orientado pelos valores de comprometimento, respeito \u00e0 diversidade sociocultural, e pelo atendimento do p\u00fablico com excel\u00eancia.<\/p>\n<p>Desde sua reabertura em 2015, o EACC recebe grupos escolares no Espa\u00e7o Plural (Juazeiro), tendo atendido mais de 14 mil visitantes desde ent\u00e3o. Somente no ano passado, 2018, o EACC atendeu mais de 5 mil estudantes, sendo aproximadamente 20% pertencentes \u00e0 escolas situadas na Zona Rural.<\/p>\n<p>Venha Conhecer o EACC, agende sua visita pelo site <a href=\"http:\/\/www.eacc.univasf.edu.br.\">http:\/\/www.eacc.univasf.edu.br.<\/a><\/p>\n","protected":false},"excerpt":{"rendered":"<p>&nbsp; Prezadxs, bom dia! O EACC tem o prazer de convidar e divulgar o evento \u201cConstruindo a Equidade: a ci\u00eancia na desigualdade\u201d, a ser realizado entre os dias 12 \u00e0 14 de Mar\u00e7o no Centro de Cultura Jo\u00e3o Gilberto. O evento \u00e9 vinculado \u00e0 Semana Nacional de Ci\u00eancia e Tecnologia de 2018, com o apoio <a href=\"https:\/\/eacc.univasf.edu.br\/index.php\/2019\/02\/28\/construindo-a-equidade-a-ciencia-na-desigualdade\/\" rel=\"nofollow\"><span class=\"sr-only\">Read more about \u201cConstruindo a Equidade: a ci\u00eancia na desigualdade\u201d<\/span>[&hellip;]<\/a><\/p>\n","protected":false},"author":1,"featured_media":746,"comment_status":"closed","ping_status":"closed","sticky":false,"template":"","format":"standard","meta":{"footnotes":""},"categories":[7,11,10],"tags":[],"class_list":["post-744","post","type-post","status-publish","format-standard","has-post-thumbnail","hentry","category-educacional","category-event","category-exposicao"],"_links":{"self":[{"href":"https:\/\/eacc.univasf.edu.br\/index.php\/wp-json\/wp\/v2\/posts\/744"}],"collection":[{"href":"https:\/\/eacc.univasf.edu.br\/index.php\/wp-json\/wp\/v2\/posts"}],"about":[{"href":"https:\/\/eacc.univasf.edu.br\/index.php\/wp-json\/wp\/v2\/types\/post"}],"author":[{"embeddable":true,"href":"https:\/\/eacc.univasf.edu.br\/index.php\/wp-json\/wp\/v2\/users\/1"}],"replies":[{"embeddable":true,"href":"https:\/\/eacc.univasf.edu.br\/index.php\/wp-json\/wp\/v2\/comments?post=744"}],"version-history":[{"count":10,"href":"https:\/\/eacc.univasf.edu.br\/index.php\/wp-json\/wp\/v2\/posts\/744\/revisions"}],"predecessor-version":[{"id":756,"href":"https:\/\/eacc.univasf.edu.br\/index.php\/wp-json\/wp\/v2\/posts\/744\/revisions\/756"}],"wp:featuredmedia":[{"embeddable":true,"href":"https:\/\/eacc.univasf.edu.br\/index.php\/wp-json\/wp\/v2\/media\/746"}],"wp:attachment":[{"href":"https:\/\/eacc.univasf.edu.br\/index.php\/wp-json\/wp\/v2\/media?parent=744"}],"wp:term":[{"taxonomy":"category","embeddable":true,"href":"https:\/\/eacc.univasf.edu.br\/index.php\/wp-json\/wp\/v2\/categories?post=744"},{"taxonomy":"post_tag","embeddable":true,"href":"https:\/\/eacc.univasf.edu.br\/index.php\/wp-json\/wp\/v2\/tags?post=744"}],"curies":[{"name":"wp","href":"https:\/\/api.w.org\/{rel}","templated":true}]}}