{"id":663,"date":"2018-03-16T18:58:06","date_gmt":"2018-03-16T21:58:06","guid":{"rendered":"http:\/\/www.eacc.univasf.edu.br\/site\/?p=663"},"modified":"2018-03-16T19:10:18","modified_gmt":"2018-03-16T22:10:18","slug":"reportagem-sobre-a-trilha-da-matematica","status":"publish","type":"post","link":"https:\/\/eacc.univasf.edu.br\/index.php\/2018\/03\/16\/reportagem-sobre-a-trilha-da-matematica\/","title":{"rendered":"Reportagem sobre a Trilha da Matem\u00e1tica"},"content":{"rendered":"<p>J\u00e1 parou para pensar que o processo de ensino-aprendizagem da Matem\u00e1tica dentro da Educa\u00e7\u00e3o B\u00e1sica pode ser constru\u00eddo de forma prazerosa para alunos e professores? Esse \u00e9 um dos objetivos da Trilha da Matem\u00e1tica, organizada pelo Espa\u00e7o Arte, Ci\u00eancia e Cultura e pelo Mestrado Profissional em Matem\u00e1tica em Rede Nacional da Universidade Federal do Vale do S\u00e3o Francisco. O evento foi realizado entre\u00a026 a 28 de Fevereiro de 2018 no Centro de Cultura Jo\u00e3o Gilberto. A TV Caatinga registrou este acontecimento.<\/p>\n<p>&nbsp;<\/p>\n<p><iframe loading=\"lazy\" src=\"https:\/\/www.youtube.com\/embed\/xHU3SpoS2AY\" width=\"560\" height=\"315\" frameborder=\"0\" allowfullscreen=\"allowfullscreen\"><\/iframe><\/p>\n","protected":false},"excerpt":{"rendered":"<p>J\u00e1 parou para pensar que o processo de ensino-aprendizagem da Matem\u00e1tica dentro da Educa\u00e7\u00e3o B\u00e1sica pode ser constru\u00eddo de forma prazerosa para alunos e professores? Esse \u00e9 um dos objetivos da Trilha da Matem\u00e1tica, organizada pelo Espa\u00e7o Arte, Ci\u00eancia e Cultura e pelo Mestrado Profissional em Matem\u00e1tica em Rede Nacional da Universidade Federal do Vale <a href=\"https:\/\/eacc.univasf.edu.br\/index.php\/2018\/03\/16\/reportagem-sobre-a-trilha-da-matematica\/\" rel=\"nofollow\"><span class=\"sr-only\">Read more about Reportagem sobre a Trilha da Matem\u00e1tica<\/span>[&hellip;]<\/a><\/p>\n","protected":false},"author":1,"featured_media":669,"comment_status":"closed","ping_status":"closed","sticky":false,"template":"","format":"standard","meta":{"footnotes":""},"categories":[7,11,10],"tags":[],"class_list":["post-663","post","type-post","status-publish","format-standard","has-post-thumbnail","hentry","category-educacional","category-event","category-exposicao"],"_links":{"self":[{"href":"https:\/\/eacc.univasf.edu.br\/index.php\/wp-json\/wp\/v2\/posts\/663"}],"collection":[{"href":"https:\/\/eacc.univasf.edu.br\/index.php\/wp-json\/wp\/v2\/posts"}],"about":[{"href":"https:\/\/eacc.univasf.edu.br\/index.php\/wp-json\/wp\/v2\/types\/post"}],"author":[{"embeddable":true,"href":"https:\/\/eacc.univasf.edu.br\/index.php\/wp-json\/wp\/v2\/users\/1"}],"replies":[{"embeddable":true,"href":"https:\/\/eacc.univasf.edu.br\/index.php\/wp-json\/wp\/v2\/comments?post=663"}],"version-history":[{"count":4,"href":"https:\/\/eacc.univasf.edu.br\/index.php\/wp-json\/wp\/v2\/posts\/663\/revisions"}],"predecessor-version":[{"id":670,"href":"https:\/\/eacc.univasf.edu.br\/index.php\/wp-json\/wp\/v2\/posts\/663\/revisions\/670"}],"wp:featuredmedia":[{"embeddable":true,"href":"https:\/\/eacc.univasf.edu.br\/index.php\/wp-json\/wp\/v2\/media\/669"}],"wp:attachment":[{"href":"https:\/\/eacc.univasf.edu.br\/index.php\/wp-json\/wp\/v2\/media?parent=663"}],"wp:term":[{"taxonomy":"category","embeddable":true,"href":"https:\/\/eacc.univasf.edu.br\/index.php\/wp-json\/wp\/v2\/categories?post=663"},{"taxonomy":"post_tag","embeddable":true,"href":"https:\/\/eacc.univasf.edu.br\/index.php\/wp-json\/wp\/v2\/tags?post=663"}],"curies":[{"name":"wp","href":"https:\/\/api.w.org\/{rel}","templated":true}]}}