{"id":622,"date":"2018-01-28T13:17:36","date_gmt":"2018-01-28T16:17:36","guid":{"rendered":"http:\/\/www.eacc.univasf.edu.br\/site\/?p=622"},"modified":"2018-01-28T13:17:36","modified_gmt":"2018-01-28T16:17:36","slug":"trilha-da-matematica","status":"publish","type":"post","link":"https:\/\/eacc.univasf.edu.br\/index.php\/2018\/01\/28\/trilha-da-matematica\/","title":{"rendered":"Trilha da Matem\u00e1tica"},"content":{"rendered":"<p><img loading=\"lazy\" decoding=\"async\" class=\"alignleft wp-image-624 size-full\" src=\"http:\/\/www.eacc.univasf.edu.br\/site\/wp-content\/uploads\/2018\/01\/volunt\u00e1rios.jpg\" alt=\"\" width=\"508\" height=\"508\" srcset=\"https:\/\/eacc.univasf.edu.br\/wp-content\/uploads\/2018\/01\/volunt\u00e1rios.jpg 508w, https:\/\/eacc.univasf.edu.br\/wp-content\/uploads\/2018\/01\/volunt\u00e1rios-150x150.jpg 150w, https:\/\/eacc.univasf.edu.br\/wp-content\/uploads\/2018\/01\/volunt\u00e1rios-300x300.jpg 300w, https:\/\/eacc.univasf.edu.br\/wp-content\/uploads\/2018\/01\/volunt\u00e1rios-250x250.jpg 250w, https:\/\/eacc.univasf.edu.br\/wp-content\/uploads\/2018\/01\/volunt\u00e1rios-174x174.jpg 174w\" sizes=\"(max-width: 508px) 100vw, 508px\" \/><\/p>\n<p>O EACC, Espa\u00e7o Arte, Ci\u00eancia e Cultura da UNIVASF, abre o presente chamado para o preenchimento de 30 vagas de monitores volunt\u00e1rios em projeto de extens\u00e3o universit\u00e1ria.<\/p>\n<p>O projeto \u201cTrilha da Matem\u00e1tica\u201d \u00e9 uma parceria entre o EACC e o Colegiado de Mestrado Profissional em Matem\u00e1tica da Univasf, visando realizar oficinas e instala\u00e7\u00f5es que abordem os temas de matem\u00e1tica para os alunos de ensino fundamental e m\u00e9dio dos munic\u00edpios de Petrolina, Juazeiro e regi\u00e3o. Possui apoio do CNPq (Conselho Nacional de Desenvolvimento Cient\u00edfico e Tecnol\u00f3gico) via projeto aprovado no edital 02\/2017 da Semana Nacional de Ci\u00eancia e tecnologia 2017 com o tema \u201cA matem\u00e1tica est\u00e1 em tudo\u201d.<\/p>\n<p>A \u201cTrilha da Matem\u00e1tica\u201d ser\u00e1 realizada de 26 a 28 de Fevereiro de 2018 no Centro de Cultura Jo\u00e3o Gilberto, Juazeiro\/BA, nos per\u00edodos da manh\u00e3 e tarde \u2013 9 \u00e0s 17 h.<\/p>\n<p>Todos os monitores volunt\u00e1rios receber\u00e3o certificados de participa\u00e7\u00e3o no projeto, podendo estes serem apresentados como componentes de atividades complementares dos seus cursos. A carga hor\u00e1ria para a monitoria volunt\u00e1ria varia de 16 a 32 horas, de acordo com a disponibilidade de cada participante. Monitores que podem contribuir com dois per\u00edodos (manh\u00e3 e\/ou tarde) entre os dias 26 e 28 de fevereiro, ter\u00e3o contabilizadas 16 horas de participa\u00e7\u00e3o: 8 horas de execu\u00e7\u00e3o da monitoria, somadas a 8 horas de capacita\u00e7\u00e3o. J\u00e1 alunos que possuem maior disponibilidade, podem contribuir com no m\u00e1ximo 32 horas de participa\u00e7\u00e3o: 24 horas de execu\u00e7\u00e3o da monitoria, somados a 8 horas de capacita\u00e7\u00e3o.<\/p>\n","protected":false},"excerpt":{"rendered":"<p>O EACC, Espa\u00e7o Arte, Ci\u00eancia e Cultura da UNIVASF, abre o presente chamado para o preenchimento de 30 vagas de monitores volunt\u00e1rios em projeto de extens\u00e3o universit\u00e1ria. O projeto \u201cTrilha da Matem\u00e1tica\u201d \u00e9 uma parceria entre o EACC e o Colegiado de Mestrado Profissional em Matem\u00e1tica da Univasf, visando realizar oficinas e instala\u00e7\u00f5es que abordem <a href=\"https:\/\/eacc.univasf.edu.br\/index.php\/2018\/01\/28\/trilha-da-matematica\/\" rel=\"nofollow\"><span class=\"sr-only\">Read more about Trilha da Matem\u00e1tica<\/span>[&hellip;]<\/a><\/p>\n","protected":false},"author":1,"featured_media":624,"comment_status":"closed","ping_status":"closed","sticky":false,"template":"","format":"standard","meta":{"footnotes":""},"categories":[7,11,10],"tags":[],"class_list":["post-622","post","type-post","status-publish","format-standard","has-post-thumbnail","hentry","category-educacional","category-event","category-exposicao"],"_links":{"self":[{"href":"https:\/\/eacc.univasf.edu.br\/index.php\/wp-json\/wp\/v2\/posts\/622"}],"collection":[{"href":"https:\/\/eacc.univasf.edu.br\/index.php\/wp-json\/wp\/v2\/posts"}],"about":[{"href":"https:\/\/eacc.univasf.edu.br\/index.php\/wp-json\/wp\/v2\/types\/post"}],"author":[{"embeddable":true,"href":"https:\/\/eacc.univasf.edu.br\/index.php\/wp-json\/wp\/v2\/users\/1"}],"replies":[{"embeddable":true,"href":"https:\/\/eacc.univasf.edu.br\/index.php\/wp-json\/wp\/v2\/comments?post=622"}],"version-history":[{"count":6,"href":"https:\/\/eacc.univasf.edu.br\/index.php\/wp-json\/wp\/v2\/posts\/622\/revisions"}],"predecessor-version":[{"id":629,"href":"https:\/\/eacc.univasf.edu.br\/index.php\/wp-json\/wp\/v2\/posts\/622\/revisions\/629"}],"wp:featuredmedia":[{"embeddable":true,"href":"https:\/\/eacc.univasf.edu.br\/index.php\/wp-json\/wp\/v2\/media\/624"}],"wp:attachment":[{"href":"https:\/\/eacc.univasf.edu.br\/index.php\/wp-json\/wp\/v2\/media?parent=622"}],"wp:term":[{"taxonomy":"category","embeddable":true,"href":"https:\/\/eacc.univasf.edu.br\/index.php\/wp-json\/wp\/v2\/categories?post=622"},{"taxonomy":"post_tag","embeddable":true,"href":"https:\/\/eacc.univasf.edu.br\/index.php\/wp-json\/wp\/v2\/tags?post=622"}],"curies":[{"name":"wp","href":"https:\/\/api.w.org\/{rel}","templated":true}]}}