{"id":524,"date":"2017-05-31T17:49:44","date_gmt":"2017-05-31T20:49:44","guid":{"rendered":"http:\/\/www.eacc.univasf.edu.br\/site\/?p=524"},"modified":"2017-06-01T11:14:22","modified_gmt":"2017-06-01T14:14:22","slug":"comite-de-busca-para-cargo-de-diretor-do-eacc-finaliza-primeira-etapa-do-processo-seletivo","status":"publish","type":"post","link":"https:\/\/eacc.univasf.edu.br\/index.php\/2017\/05\/31\/comite-de-busca-para-cargo-de-diretor-do-eacc-finaliza-primeira-etapa-do-processo-seletivo\/","title":{"rendered":"Comit\u00ea de Busca para cargo de diretor do EACC finaliza primeira etapa do processo seletivo"},"content":{"rendered":"<p style=\"text-align: justify;\">O Comit\u00ea de Busca Ci\u00eancia respons\u00e1vel pelo processo de sele\u00e7\u00e3o para o cargo de diretor do Espa\u00e7o Arte, Ci\u00eancia e Cultura\u00a0(EACC\/UNIVASF), recebeu tr\u00eas inscri\u00e7\u00f5es de candidaturas. O prazo para submiss\u00e3o das inscri\u00e7\u00f5es terminou no \u00faltimo dia 12 de Maio. Os candidatos inscritos s\u00e3o: <strong>Arnaldo Jos\u00e9 Correia Magalh\u00e3es Junior<\/strong>, \u00a0<strong>Elson de Assis Rabelo<\/strong> e <strong>Marco Aur\u00e9lio Gallo de Fran\u00e7a<\/strong>. A pr\u00f3xima etapa do processo consistir\u00e1 nas apresenta\u00e7\u00f5es p\u00fablicas de seus planos de gest\u00e3o e vis\u00e3o de futuro para o EACC e entrevistas individuais com os candidatos.<\/p>\n<p>Est\u00e3o todos convidados.<\/p>\n<p><strong>Data e hor\u00e1rio:<\/strong> 26\/06\/2017, segunda feira, \u00e0s 8h.<br \/>\n<strong>Local:<\/strong> biblioteca do campus Petrolina.<\/p>\n<p style=\"text-align: justify;\"><strong>Arnaldo Jos\u00e9 Correia Magalh\u00e3es Junior<\/strong>*- Bi\u00f3logo, Doutor em Etnobiologia e Conserva\u00e7\u00e3o da Natureza pela Universidade Federal Rural de Pernambuco e Docente da Universidade Federal do Vale do S\u00e3o Francisco, desenvolve trabalhos com Ecologia de lagartos da Caatinga com \u00eanfase em Hist\u00f3ria Natural, Autoecologia e Modelagem Ecol\u00f3gica de Nicho.<\/p>\n<p style=\"text-align: justify;\"><strong>Elson de Assis Rabelo*<\/strong>\u00a0&#8211; \u00c9 professor do Colegiado de Artes Visuais da Universidade Federal do Vale do S\u00e3o Francisco. Possui gradua\u00e7\u00e3o em Hist\u00f3ria pela Universidade Federal do Piau\u00ed, Mestrado em Hist\u00f3ria pela Universidade Federal do Rio Grande do Norte, e Doutorado em Hist\u00f3ria na Universidade Federal de Pernambuco. Tem pesquisa na \u00e1rea de hist\u00f3ria dos espa\u00e7os contempor\u00e2neos do rio S\u00e3o Francisco e Nordeste brasileiro, hist\u00f3ria da fotografia e teoria da imagem. Tem experi\u00eancia em ensino e orienta\u00e7\u00e3o nos seguintes temas: hist\u00f3ria, fotografia e visualidade; usos sociais das imagens; hist\u00f3ria e literatura; discursos e imagens sobre as culturas populares; configura\u00e7\u00f5es e identidades espaciais.<\/p>\n<p style=\"text-align: justify;\"><strong>Marco Aur\u00e9lio Gallo de Fran\u00e7a*<\/strong>\u00a0&#8211; Graduado em Ci\u00eancias Biol\u00f3gicas (Licenciatura e Bacharelado) pela Faculdade de Filosofia, Ci\u00eancias e Letras de Ribeir\u00e3o Preto &#8211; Universidade de S\u00e3o Paulo, com mestrado e doutorado em Biologia Comparada pela mesma institui\u00e7\u00e3o, aonde realizou ainda P\u00f3s-Doutorado, com financiamento por meio de bolsas de pesquisa (desde inicia\u00e7\u00e3o cient\u00edfica at\u00e9 P\u00f3s-Doutorado) pela FAPESP. Atualmente, Professor concursado em 2012 pela Universidade Federal do Vale do S\u00e3o Francisco, campus Petrolina, colegiado de Ci\u00eancias Biol\u00f3gicas, lecionando as disciplinas de &#8220;Paleontologia e Paleoecologia&#8221; e &#8220;Biogeografia&#8221;. Possui como \u00e1rea de trabalho os Paleovertebrados, mais especificamente paleoherpetologia, tendo trabalhado na gradua\u00e7\u00e3o com tartarugas f\u00f3sseis do Grupo Bauru (Cret\u00e1ceo Superior), dinossauros basais da Forma\u00e7\u00e3o Santa Maria (Tri\u00e1ssico) no Rio Grande do Sul ao longo do mestrado, e sua tese enfoca as rela\u00e7\u00f5es filogen\u00e9ticas de arcossauros basais (Rauisuchia) tamb\u00e9m das rochas Tri\u00e1ssicas do Rio Grande do Sul. Descreveu\/nomeou novas esp\u00e9cies de r\u00e9pteis, como Cambaremys langertoni (Testudines: Pleurodira: Podocnemidae) e Decuriasuchus quartacolonia (Archosauria: Pseudosuchia: Rauisuchia). Possui experi\u00eancias em coletas de campo no Permiano, Tri\u00e1ssico e Cret\u00e1ceo de v\u00e1rias regi\u00f5es do Brasil (S\u00e3o Paulo, Minas Gerais, Rio Grande do Sul, Paran\u00e1, Maranh\u00e3o, Pernambuco), t\u00e9cnicas de prepara\u00e7\u00e3o de f\u00f3sseis (Cambaremys, Saturnalia, Decuriasuchus, Batrachomimus), participa\u00e7\u00f5es em diversos projetos de pesquisa, e conhecimentos\/trabalhos com temas biol\u00f3gicos como anatomia comparada\/descri\u00e7\u00f5es osteol\u00f3gicas, Evolu\u00e7\u00e3o, Biogeografia Hist\u00f3rica, Clad\u00edstica, An\u00e1lises Filogen\u00e9ticas (Clad\u00edsticas), e Sistem\u00e1tica Filogen\u00e9tica.<\/p>\n<p style=\"text-align: justify;\">* Plataforma Lattes.<\/p>\n<p style=\"text-align: justify;\">Documentos: <a href=\"http:\/\/www.eacc.univasf.edu.br\/site\/index.php\/2017\/03\/13\/edital-012017-selecao-para-novo-diretor-do-eacc\/\" target=\"_blank\" rel=\"noopener noreferrer\">Edital 01\/2017<\/a><\/p>\n","protected":false},"excerpt":{"rendered":"<p>O Comit\u00ea de Busca Ci\u00eancia respons\u00e1vel pelo processo de sele\u00e7\u00e3o para o cargo de diretor do Espa\u00e7o Arte, Ci\u00eancia e Cultura\u00a0(EACC\/UNIVASF), recebeu tr\u00eas inscri\u00e7\u00f5es de candidaturas. O prazo para submiss\u00e3o das inscri\u00e7\u00f5es terminou no \u00faltimo dia 12 de Maio. Os candidatos inscritos s\u00e3o: Arnaldo Jos\u00e9 Correia Magalh\u00e3es Junior, \u00a0Elson de Assis Rabelo e Marco Aur\u00e9lio <a href=\"https:\/\/eacc.univasf.edu.br\/index.php\/2017\/05\/31\/comite-de-busca-para-cargo-de-diretor-do-eacc-finaliza-primeira-etapa-do-processo-seletivo\/\" rel=\"nofollow\"><span class=\"sr-only\">Read more about Comit\u00ea de Busca para cargo de diretor do EACC finaliza primeira etapa do processo seletivo<\/span>[&hellip;]<\/a><\/p>\n","protected":false},"author":1,"featured_media":113,"comment_status":"closed","ping_status":"closed","sticky":false,"template":"","format":"standard","meta":{"footnotes":""},"categories":[9,12,11],"tags":[],"class_list":["post-524","post","type-post","status-publish","format-standard","has-post-thumbnail","hentry","category-coordenador","category-editais","category-event"],"_links":{"self":[{"href":"https:\/\/eacc.univasf.edu.br\/index.php\/wp-json\/wp\/v2\/posts\/524"}],"collection":[{"href":"https:\/\/eacc.univasf.edu.br\/index.php\/wp-json\/wp\/v2\/posts"}],"about":[{"href":"https:\/\/eacc.univasf.edu.br\/index.php\/wp-json\/wp\/v2\/types\/post"}],"author":[{"embeddable":true,"href":"https:\/\/eacc.univasf.edu.br\/index.php\/wp-json\/wp\/v2\/users\/1"}],"replies":[{"embeddable":true,"href":"https:\/\/eacc.univasf.edu.br\/index.php\/wp-json\/wp\/v2\/comments?post=524"}],"version-history":[{"count":14,"href":"https:\/\/eacc.univasf.edu.br\/index.php\/wp-json\/wp\/v2\/posts\/524\/revisions"}],"predecessor-version":[{"id":550,"href":"https:\/\/eacc.univasf.edu.br\/index.php\/wp-json\/wp\/v2\/posts\/524\/revisions\/550"}],"wp:featuredmedia":[{"embeddable":true,"href":"https:\/\/eacc.univasf.edu.br\/index.php\/wp-json\/wp\/v2\/media\/113"}],"wp:attachment":[{"href":"https:\/\/eacc.univasf.edu.br\/index.php\/wp-json\/wp\/v2\/media?parent=524"}],"wp:term":[{"taxonomy":"category","embeddable":true,"href":"https:\/\/eacc.univasf.edu.br\/index.php\/wp-json\/wp\/v2\/categories?post=524"},{"taxonomy":"post_tag","embeddable":true,"href":"https:\/\/eacc.univasf.edu.br\/index.php\/wp-json\/wp\/v2\/tags?post=524"}],"curies":[{"name":"wp","href":"https:\/\/api.w.org\/{rel}","templated":true}]}}