{"id":476,"date":"2017-03-13T10:02:42","date_gmt":"2017-03-13T13:02:42","guid":{"rendered":"http:\/\/www.eacc.univasf.edu.br\/site\/?p=476"},"modified":"2017-04-06T12:38:40","modified_gmt":"2017-04-06T15:38:40","slug":"edital-012017-selecao-para-novo-diretor-do-eacc","status":"publish","type":"post","link":"https:\/\/eacc.univasf.edu.br\/index.php\/2017\/03\/13\/edital-012017-selecao-para-novo-diretor-do-eacc\/","title":{"rendered":"Edital 01\/2017 \u2013 Sele\u00e7\u00e3o para novo Diretor do EACC"},"content":{"rendered":"<p><img loading=\"lazy\" decoding=\"async\" class=\"aligncenter wp-image-134\" src=\"http:\/\/www.eacc.univasf.edu.br\/site\/wp-content\/uploads\/2016\/08\/cropped-COLORIDO_COM_BOLINHAS_VERTICAL_SOMBREADO-7-300x300.jpg\" alt=\"EACC\" width=\"168\" height=\"169\" srcset=\"https:\/\/eacc.univasf.edu.br\/wp-content\/uploads\/2016\/08\/cropped-COLORIDO_COM_BOLINHAS_VERTICAL_SOMBREADO-7-300x300.jpg 300w, https:\/\/eacc.univasf.edu.br\/wp-content\/uploads\/2016\/08\/cropped-COLORIDO_COM_BOLINHAS_VERTICAL_SOMBREADO-7-150x150.jpg 150w, https:\/\/eacc.univasf.edu.br\/wp-content\/uploads\/2016\/08\/cropped-COLORIDO_COM_BOLINHAS_VERTICAL_SOMBREADO-7-250x250.jpg 250w, https:\/\/eacc.univasf.edu.br\/wp-content\/uploads\/2016\/08\/cropped-COLORIDO_COM_BOLINHAS_VERTICAL_SOMBREADO-7-174x174.jpg 174w, https:\/\/eacc.univasf.edu.br\/wp-content\/uploads\/2016\/08\/cropped-COLORIDO_COM_BOLINHAS_VERTICAL_SOMBREADO-7.jpg 301w\" sizes=\"(max-width: 168px) 100vw, 168px\" \/><\/p>\n<h5 style=\"text-align: center;\">ESPA\u00c7O ARTE, CI\u00caNCIA E CULTURA &#8211; EACC<\/h5>\n<p><b>Sele\u00e7\u00e3o para novo Diretor do EACC<\/b><\/p>\n<p><span style=\"font-weight: 400;\">A Universidade Federal do Vale do S\u00e3o Francisco, UNIVASF, est\u00e1 iniciando o processo de sele\u00e7\u00e3o de um (a) Diretor (a) para o Espa\u00e7o Arte, Ci\u00eancia e Cultura, que dever\u00e1 ser implementado pelo Comit\u00ea de Busca, CB, de acordo com o artigo 15 do regimento do EACC, aprovado pelo Conselho Universit\u00e1rio em reuni\u00e3o de 18\/12\/2015. \u00a0O Diretor ser\u00e1 nomeado pelo Reitor da UNIVASF, a partir de lista tr\u00edplice elaborada por um Comit\u00ea de Busca, CB.<\/span><\/p>\n<p><span style=\"font-weight: 400;\">O Comit\u00ea de busca \u00e9 presidido pelo <\/span><b>Prof. Dr. Leonardo Sousa Cavalcanti<\/b><span style=\"font-weight: 400;\"> (Assessor de Projetos Institucionais da UNIVASF), tem ainda <strong>Prof. Dr.\u00a0<\/strong><\/span><b>Antonio Carlos Pav\u00e3o<\/b><span style=\"font-weight: 400;\"> (Diretor do Espa\u00e7o Ci\u00eancia) e o <\/span><b>Prof. Dr. Ren\u00e9 Lommez Gomes<\/b><span style=\"font-weight: 400;\"> (Ex Diretor do Espa\u00e7o do Conhecimento da UFMG e Subcoordenador da Rede de Museus da UFMG).<\/span><\/p>\n<p><span style=\"font-weight: 400;\">Poder\u00e3o se candidatar docentes da UNIVASF que atendam aos requisitos b\u00e1sicos:<\/span><\/p>\n<ul>\n<li style=\"font-weight: 400;\"><span style=\"font-weight: 400;\">ser professor doutor na UNIVASF em regime DE;<\/span><\/li>\n<li style=\"font-weight: 400;\"><span style=\"font-weight: 400;\">compet\u00eancia profissional reconhecida;<\/span><\/li>\n<li style=\"font-weight: 400;\"><span style=\"font-weight: 400;\">vis\u00e3o de futuro para o EACC;<\/span><\/li>\n<li style=\"font-weight: 400;\"><span style=\"font-weight: 400;\">comprometimento com os projetos em andamento;<\/span><\/li>\n<li style=\"font-weight: 400;\"><span style=\"font-weight: 400;\">comprometimento em promover a\u00e7\u00f5es de incentivo \u00e0 cultura cient\u00edfica para a sociedade do Vale do S\u00e3o Francisco;<\/span><\/li>\n<li style=\"font-weight: 400;\"><span style=\"font-weight: 400;\">capacidade de tratar quest\u00f5es cient\u00edficas, administrativas, pol\u00edticas e de vis\u00e3o estrat\u00e9gica relacionadas ao EACC;<\/span><\/li>\n<li style=\"font-weight: 400;\"><span style=\"font-weight: 400;\">capacidade de gest\u00e3o, envolvendo atividades internas e externas de relacionamento com \u00f3rg\u00e3os de pesquisa e de financiamento;<\/span><\/li>\n<li style=\"font-weight: 400;\"><span style=\"font-weight: 400;\">motiva\u00e7\u00e3o para enfrentar desafios.<\/span><\/li>\n<\/ul>\n<p>Para participar do processo os candidatos dever\u00e3o enviar os seguintes documentos, atrav\u00e9s de e-mail, \u00a0at\u00e9 a data de <strong>12 de Maio de 2017:<\/strong><\/p>\n<ul>\n<li style=\"font-weight: 400;\"><span style=\"font-weight: 400;\">Curr\u00edculo Lattes atualizado e comprovado;<\/span><\/li>\n<li style=\"font-weight: 400;\"><span style=\"font-weight: 400;\">Memorial e Plano de Trabalho.<\/span><\/li>\n<\/ul>\n<p style=\"padding-left: 30px;\"><span style=\"font-weight: 400;\">Endere\u00e7o para contato e envio de documentos:<\/span><\/p>\n<p style=\"padding-left: 30px;\"><b>Prof. Dr. Leonardo Sousa Cavalcanti<\/b><\/p>\n<p style=\"padding-left: 30px;\"><b>Presidente do Comit\u00ea de Busca do EACC<\/b><\/p>\n<p style=\"padding-left: 30px;\"><a href=\"mailto:comitebuscaeacc@gmail.com\"><b>comitebuscaeacc@gmail.com<\/b><\/a><\/p>\n<p style=\"padding-left: 30px;\"><span style=\"font-weight: 400;\">O processo de sele\u00e7\u00e3o \u00e9 composto por an\u00e1lise dos curr\u00edculos, documentos e propostas dos candidatos. Os selecionados ser\u00e3o convocados para exposi\u00e7\u00e3o oral p\u00fablica das propostas e entrevistas individuais perante o CB, em local, data e hora previamente anunciados.<\/span><\/p>\n<p style=\"text-align: right;\"><span style=\"font-weight: 400;\">Juazeiro, 13 de Mar\u00e7o de 2017.<\/span><\/p>\n<p style=\"text-align: right;\"><span style=\"font-weight: 400;\">Prof. Dr. Milit\u00e3o Vieira Figueredo<\/span><\/p>\n<p style=\"padding-left: 30px; text-align: right;\"><span style=\"font-weight: 400;\">Coordenador \u00a0EACC<\/span><\/p>\n<hr \/>\n<p><b>ANEXO \u00a0&#8211; Edital 01\/2017 \u2013 Memorial, plano de trabalho e Entrevista<\/b><\/p>\n<p><span style=\"font-weight: 400;\">A exposi\u00e7\u00e3o escrita do memorial\/plano de trabalho consistir\u00e1 em um texto redigido na primeira pessoa do singular, com tamanho entre 4 (quatro) e 8 (oito) p\u00e1ginas, contendo trajet\u00f3ria profissional e acad\u00eamica e evidenciando expectativas em rela\u00e7\u00e3o \u00e0 sua atua\u00e7\u00e3o no EACC, atrav\u00e9s do plano de trabalho.<\/span><\/p>\n<p><b>1) \u00a0 \u00a0 Fase classificat\u00f3ria<\/b><\/p>\n<p><span style=\"font-weight: 400;\">A partir do envio da documenta\u00e7\u00e3o (Curr\u00edculo Lattes atualizado e comprovado, Memorial e Plano de Trabalho), o comit\u00ea de Busca selecionar\u00e1 5 candidatos para a fase de apresenta\u00e7\u00e3o e entrevistas.<\/span><\/p>\n<p><b>2) \u00a0 \u00a0Apresenta\u00e7\u00e3o<\/b><\/p>\n<p><span style=\"font-weight: 400;\">\u00a0A defesa de memorial\/plano de trabalho consistir\u00e1 em uma exposi\u00e7\u00e3o escrita e oral pelo candidato, e dever\u00e1 abordar (contendo) os seguintes itens:<\/span><\/p>\n<p style=\"padding-left: 30px;\"><span style=\"font-weight: 400;\">a) Trajet\u00f3ria acad\u00eamica e profissional;<\/span><\/p>\n<p style=\"padding-left: 30px;\"><span style=\"font-weight: 400;\">b) Produ\u00e7\u00e3o cient\u00edfica, t\u00e9cnica, art\u00edstico\/cultural e de extens\u00e3o do candidato;<\/span><\/p>\n<p style=\"padding-left: 30px;\"><span style=\"font-weight: 400;\">c) Plano de trabalho para a dire\u00e7\u00e3o do EACC.<\/span><\/p>\n<p><b>3) \u00a0 \u00a0Julgamento<\/b><\/p>\n<p><span style=\"font-weight: 400;\">\u00a0No julgamento do memorial\/plano de trabalho, os membros da banca examinadora elaborar\u00e3o um parecer justificando a pontua\u00e7\u00e3o atribu\u00edda aos seguintes itens:<\/span><\/p>\n<p style=\"padding-left: 30px;\"><span style=\"font-weight: 400;\">a) a relev\u00e2ncia da vida acad\u00eamica e profissional do candidato e sua dedica\u00e7\u00e3o a essa atividade;<\/span><\/p>\n<p style=\"padding-left: 30px;\"><span style=\"font-weight: 400;\">b) a coer\u00eancia da trajet\u00f3ria percorrida pelo candidato na sua vida acad\u00eamica e profissional ao cargo de Diretor do EACC;<\/span><\/p>\n<p style=\"padding-left: 30px;\"><span style=\"font-weight: 400;\">c) o dom\u00ednio e a atualiza\u00e7\u00e3o do candidato quanto aos assuntos relacionados a um museu de ci\u00eancia no Brasil, em especial ao EACC, e<\/span><\/p>\n<p style=\"padding-left: 30px;\"><span style=\"font-weight: 400;\">d) a viabilidade de execu\u00e7\u00e3o do projeto apresentado ao longo de uma dire\u00e7\u00e3o de 4 anos, considerando as conjunturas internas e externas.<\/span><\/p>\n<p><b>4) \u00a0 \u00a0Entrevista<\/b><\/p>\n<p><span style=\"font-weight: 400;\">Na entrevista ser\u00e1 avaliado o perfil do candidato em atender os requisitos b\u00e1sicos para o cargo, tendo em vista a relev\u00e2ncia do EACC.<\/span><\/p>\n<p><b>5) \u00a0 \u00a0Peso das Etapas<\/b><\/p>\n<p style=\"padding-left: 30px;\"><span style=\"font-weight: 400;\">a) An\u00e1lise de curr\u00edculo \u00a0<\/span>peso 1,0,<span style=\"font-weight: 400;\"> classificat\u00f3ria.<\/span><\/p>\n<p style=\"padding-left: 30px;\"><span style=\"font-weight: 400;\">b) Memorial e plano de trabalho <\/span>\u00a0peso 1,0,<span style=\"font-weight: 400;\"> classificat\u00f3ria.<\/span><\/p>\n<p style=\"padding-left: 30px;\"><span style=\"font-weight: 400;\">c) Defesa de memorial e plano de trabalho <\/span>peso 2,0,<span style=\"font-weight: 400;\"> eliminat\u00f3ria.<\/span><\/p>\n<p style=\"padding-left: 30px;\"><span style=\"font-weight: 400;\">d) Entrevista \u00a0<\/span>peso 3,0,<span style=\"font-weight: 400;\"> eliminat\u00f3ria.<\/span><\/p>\n<hr \/>\n<p>&nbsp;<\/p>\n<h5 style=\"text-align: left;\"><\/h5>\n<p>&nbsp;<\/p>\n","protected":false},"excerpt":{"rendered":"<p>ESPA\u00c7O ARTE, CI\u00caNCIA E CULTURA &#8211; EACC Sele\u00e7\u00e3o para novo Diretor do EACC A Universidade Federal do Vale do S\u00e3o Francisco, UNIVASF, est\u00e1 iniciando o processo de sele\u00e7\u00e3o de um (a) Diretor (a) para o Espa\u00e7o Arte, Ci\u00eancia e Cultura, que dever\u00e1 ser implementado pelo Comit\u00ea de Busca, CB, de acordo com o artigo 15 <a href=\"https:\/\/eacc.univasf.edu.br\/index.php\/2017\/03\/13\/edital-012017-selecao-para-novo-diretor-do-eacc\/\" rel=\"nofollow\"><span class=\"sr-only\">Read more about Edital 01\/2017 \u2013 Sele\u00e7\u00e3o para novo Diretor do EACC<\/span>[&hellip;]<\/a><\/p>\n","protected":false},"author":1,"featured_media":501,"comment_status":"closed","ping_status":"closed","sticky":false,"template":"","format":"standard","meta":{"footnotes":""},"categories":[12],"tags":[],"class_list":["post-476","post","type-post","status-publish","format-standard","has-post-thumbnail","hentry","category-editais"],"_links":{"self":[{"href":"https:\/\/eacc.univasf.edu.br\/index.php\/wp-json\/wp\/v2\/posts\/476"}],"collection":[{"href":"https:\/\/eacc.univasf.edu.br\/index.php\/wp-json\/wp\/v2\/posts"}],"about":[{"href":"https:\/\/eacc.univasf.edu.br\/index.php\/wp-json\/wp\/v2\/types\/post"}],"author":[{"embeddable":true,"href":"https:\/\/eacc.univasf.edu.br\/index.php\/wp-json\/wp\/v2\/users\/1"}],"replies":[{"embeddable":true,"href":"https:\/\/eacc.univasf.edu.br\/index.php\/wp-json\/wp\/v2\/comments?post=476"}],"version-history":[{"count":26,"href":"https:\/\/eacc.univasf.edu.br\/index.php\/wp-json\/wp\/v2\/posts\/476\/revisions"}],"predecessor-version":[{"id":511,"href":"https:\/\/eacc.univasf.edu.br\/index.php\/wp-json\/wp\/v2\/posts\/476\/revisions\/511"}],"wp:featuredmedia":[{"embeddable":true,"href":"https:\/\/eacc.univasf.edu.br\/index.php\/wp-json\/wp\/v2\/media\/501"}],"wp:attachment":[{"href":"https:\/\/eacc.univasf.edu.br\/index.php\/wp-json\/wp\/v2\/media?parent=476"}],"wp:term":[{"taxonomy":"category","embeddable":true,"href":"https:\/\/eacc.univasf.edu.br\/index.php\/wp-json\/wp\/v2\/categories?post=476"},{"taxonomy":"post_tag","embeddable":true,"href":"https:\/\/eacc.univasf.edu.br\/index.php\/wp-json\/wp\/v2\/tags?post=476"}],"curies":[{"name":"wp","href":"https:\/\/api.w.org\/{rel}","templated":true}]}}