{"id":385,"date":"2016-10-26T17:33:02","date_gmt":"2016-10-26T20:33:02","guid":{"rendered":"http:\/\/www.eacc.univasf.edu.br\/site\/?p=385"},"modified":"2017-01-27T17:34:39","modified_gmt":"2017-01-27T20:34:39","slug":"semana-nacional-de-ciencia-e-tecnologia","status":"publish","type":"post","link":"https:\/\/eacc.univasf.edu.br\/index.php\/2016\/10\/26\/semana-nacional-de-ciencia-e-tecnologia\/","title":{"rendered":"Semana Nacional de Ci\u00eancia e Tecnologia"},"content":{"rendered":"<h1><img loading=\"lazy\" decoding=\"async\" class=\"alignnone wp-image-382\" src=\"http:\/\/www.eacc.univasf.edu.br\/site\/wp-content\/uploads\/2017\/01\/snct-2016-cabeca-2-300x84.png\" alt=\"\" width=\"675\" height=\"189\" srcset=\"https:\/\/eacc.univasf.edu.br\/wp-content\/uploads\/2017\/01\/snct-2016-cabeca-2-300x84.png 300w, https:\/\/eacc.univasf.edu.br\/wp-content\/uploads\/2017\/01\/snct-2016-cabeca-2-768x214.png 768w, https:\/\/eacc.univasf.edu.br\/wp-content\/uploads\/2017\/01\/snct-2016-cabeca-2-1024x285.png 1024w, https:\/\/eacc.univasf.edu.br\/wp-content\/uploads\/2017\/01\/snct-2016-cabeca-2.png 1085w\" sizes=\"(max-width: 675px) 100vw, 675px\" \/><\/h1>\n<h1>Semana Nacional de Ci\u00eancia e Tecnologia<\/h1>\n<div>A Semana Nacional de Ci\u00eancia e Tecnologia \u00e9 um evento nacional, coordenado pelo Minist\u00e9rio da Ci\u00eancia, Tecnologia e Inova\u00e7\u00e3o, MCTI. A UNIVASF participa da SNCT desde 2005.<\/div>\n<div>Abaixo os links de alguns eventos realizados na UNIVASF.<\/div>\n<h3><\/h3>\n<hr \/>\n<ul>\n<li>\n<h3><strong><a href=\"http:\/\/snctunivasf2012.blogspot.com.br\/\" target=\"_blank\">SNCT 2012<\/a><\/strong><\/h3>\n<\/li>\n<\/ul>\n<ul>\n<li>\n<h3><strong><a href=\"http:\/\/snctunivasf2014.blogspot.com.br\/\" target=\"_blank\">SNCT 2014<\/a><\/strong><\/h3>\n<\/li>\n<\/ul>\n<ul>\n<li>\n<h3><strong><a href=\"https:\/\/goo.gl\/JVLfWf\" target=\"_blank\">SNCT 2015<\/a><\/strong><\/h3>\n<\/li>\n<\/ul>\n<ul>\n<li>\n<h3><strong><a href=\"http:\/\/snctunivasf2016.blogspot.com.br\/\" target=\"_blank\">SNCT 2016<\/a><\/strong><\/h3>\n<\/li>\n<\/ul>\n<p>&nbsp;<\/p>\n<hr \/>\n<p>&nbsp;<\/p>\n","protected":false},"excerpt":{"rendered":"<p>Semana Nacional de Ci\u00eancia e Tecnologia A Semana Nacional de Ci\u00eancia e Tecnologia \u00e9 um evento nacional, coordenado pelo Minist\u00e9rio da Ci\u00eancia, Tecnologia e Inova\u00e7\u00e3o, MCTI. A UNIVASF participa da SNCT desde 2005. Abaixo os links de alguns eventos realizados na UNIVASF. SNCT 2012 SNCT 2014 SNCT 2015 SNCT 2016 &nbsp; &nbsp;<\/p>\n","protected":false},"author":1,"featured_media":382,"comment_status":"closed","ping_status":"closed","sticky":false,"template":"","format":"standard","meta":{"footnotes":""},"categories":[11],"tags":[],"class_list":["post-385","post","type-post","status-publish","format-standard","has-post-thumbnail","hentry","category-event"],"_links":{"self":[{"href":"https:\/\/eacc.univasf.edu.br\/index.php\/wp-json\/wp\/v2\/posts\/385"}],"collection":[{"href":"https:\/\/eacc.univasf.edu.br\/index.php\/wp-json\/wp\/v2\/posts"}],"about":[{"href":"https:\/\/eacc.univasf.edu.br\/index.php\/wp-json\/wp\/v2\/types\/post"}],"author":[{"embeddable":true,"href":"https:\/\/eacc.univasf.edu.br\/index.php\/wp-json\/wp\/v2\/users\/1"}],"replies":[{"embeddable":true,"href":"https:\/\/eacc.univasf.edu.br\/index.php\/wp-json\/wp\/v2\/comments?post=385"}],"version-history":[{"count":1,"href":"https:\/\/eacc.univasf.edu.br\/index.php\/wp-json\/wp\/v2\/posts\/385\/revisions"}],"predecessor-version":[{"id":386,"href":"https:\/\/eacc.univasf.edu.br\/index.php\/wp-json\/wp\/v2\/posts\/385\/revisions\/386"}],"wp:featuredmedia":[{"embeddable":true,"href":"https:\/\/eacc.univasf.edu.br\/index.php\/wp-json\/wp\/v2\/media\/382"}],"wp:attachment":[{"href":"https:\/\/eacc.univasf.edu.br\/index.php\/wp-json\/wp\/v2\/media?parent=385"}],"wp:term":[{"taxonomy":"category","embeddable":true,"href":"https:\/\/eacc.univasf.edu.br\/index.php\/wp-json\/wp\/v2\/categories?post=385"},{"taxonomy":"post_tag","embeddable":true,"href":"https:\/\/eacc.univasf.edu.br\/index.php\/wp-json\/wp\/v2\/tags?post=385"}],"curies":[{"name":"wp","href":"https:\/\/api.w.org\/{rel}","templated":true}]}}