{"id":340,"date":"2015-12-23T11:06:14","date_gmt":"2015-12-23T14:06:14","guid":{"rendered":"http:\/\/www.eacc.univasf.edu.br\/site\/?p=340"},"modified":"2024-11-13T16:48:08","modified_gmt":"2024-11-13T19:48:08","slug":"editorial-o-eacc-o-sonho-e-a-imaginacao","status":"publish","type":"post","link":"https:\/\/eacc.univasf.edu.br\/index.php\/2015\/12\/23\/editorial-o-eacc-o-sonho-e-a-imaginacao\/","title":{"rendered":"Editorial &#8211; O EACC, o sonho e a imagina\u00e7\u00e3o"},"content":{"rendered":"<p>23\/12\/2015 11:06<\/p>\n<p><strong>O EACC, \u00a0o sonho e a imagina\u00e7\u00e3o<\/strong><\/p>\n<p>O ano de 2015 chega ao final. O EACC, em seu local provis\u00f3rio, (re)abriu ao p\u00fablico em 03\/03\/2015 e at\u00e9 09\/12\/2015, dia do \u00faltimo atendimento escolar, teve um total de <a href=\"https:\/\/eacc-novo.univasf.edu.br\/index.php\/eacc-em-numeros-2015\/\">2434 visitantes<\/a>. \u00a0No segundo semestre, com os cortes na oferta de \u00f4nibus pela UNIVASF, decorrente da crise econ\u00f4mica nacional, foi fechada uma parceria (informal) entre o EACC e a secretaria de educa\u00e7\u00e3o de Juazeiro, de modo a garantir o transporte do p\u00fablico escolar. Esta parceria \u00e9 estrat\u00e9gica e necess\u00e1ria. Esperasse acordos semelhantes com as esferas estaduais e municipais da regi\u00e3o. Em torno do EACC, em um raio de 150 km, existe um p\u00fablico escolar de 343 mil crian\u00e7as (<a href=\"http:\/\/goo.gl\/p9pcR7\"><span style=\"font-weight: 400;\">http:\/\/goo.gl\/p9pcR7<\/span><\/a>). Isto d\u00e1 uma dimens\u00e3o da log\u00edstica necess\u00e1ria para atender a este p\u00fablico! Numa regi\u00e3o como o semiarido \u00e9 desnecess\u00e1rio dizer sobre a import\u00e2ncia de um museu de ci\u00eancias.<\/p>\n<p>Em outra dimens\u00e3o, no sentido de institucionalizar o EACC, foi conclu\u00edda a proposta de um regimento (<a href=\"https:\/\/goo.gl\/zqhdqu\"><span style=\"font-weight: 400;\">https:\/\/goo.gl\/zqhdqu<\/span><\/a>). Tal proposta foi levada ao Conselho Universit\u00e1rio, CONUNI, onde os conselheiros, representantes dos colegiados, trouxeram as contribui\u00e7\u00f5es das bases. O regimento foi aprovado em 18\/12\/2015 com uma \u00a0amplia\u00e7\u00e3o do n\u00famero de membros do Conselho Consultivo. Este regimento \u00e9 um mecanismo que possibilita a participa\u00e7\u00e3o da comunidade interna (Conselho Deliberativo) e externa (Conselho Consultivo) no processo de dire\u00e7\u00e3o do EACC. Cabe a cada um dos futuros conselheiros ocupar este espa\u00e7o democr\u00e1tico de forma ativa e com entusiasmo. Ainda, conforme descrito no\u00a0<strong>Artigo 22<\/strong>\u00a0do regimento aprovado:<\/p>\n<p><em>&#8220;Ap\u00f3s a aprova\u00e7\u00e3o destre regimento, pelo Conselho Universit\u00e1rio, CONUNI, A PROEX, atrav\u00e9s da C\u00e2mara de Extens\u00e3o, ter\u00e1 um prazo m\u00e1ximo de 6 meses para compor o Conselho Delibertativo, CD, sob a dire\u00e7\u00e3o do presidente pro tempore, o atual coordenador do EACC.&#8221;<\/em><\/p>\n<p>O tempo j\u00e1 est\u00e1 contando. . . at\u00e9 18\/06\/2016 o Conselho Deliberativo dever\u00e1 estar constitu\u00eddo!<\/p>\n<p>Um desafio que surge \u00e9 ampliar o sonho do EACC. \u00c9 necess\u00e1rio acreditar no sonho para ele se concretizar. Assim, convido a comunidade interna da UNIVASF a sonhar, imaginar, que \u00e9 poss\u00edvel a realiza\u00e7\u00e3o do projeto EACC. . . que por sinal jamais estar\u00e1 conclu\u00eddo pois, sempre haver\u00e1 o que fazer, assim como as pessoas:<\/p>\n<p style=\"padding-left: 30px;\"><strong><em>&#8220;O senhor mire, veja: o mais importante e bonito, do mundo, \u00e9 isto: que as pessoas n\u00e3o est\u00e3o sempre iguais, ainda n\u00e3o foram terminadas &#8211; mas que elas v\u00e3o sempre mudando. Afinam ou desafinam, verdade maior. \u00c9 o que a vida me ensinou. Isso que me alegra mont\u00e3o.&#8221;<\/em><\/strong><\/p>\n<p><em>Guimar\u00e3es Rosa, 1956, Grande Sert\u00e3o Veredas<\/em><\/p>\n<p>O <a href=\"https:\/\/eacc-novo.univasf.edu.br\/index.php\/historico\/\">EACC Orla<\/a> \u00a0 \u00e9 um projeto feito para o povo, com recursos p\u00fablicos. O novo pr\u00e9dio est\u00e1 sem previs\u00e3o de conclus\u00e3o, aguardando a libera\u00e7\u00e3o de verbas. Por enquanto o museu est\u00e1 funcionando no Espa\u00e7o Plural, em Juazeiro, BA.<\/p>\n","protected":false},"excerpt":{"rendered":"<p>23\/12\/2015 11:06 O EACC, \u00a0o sonho e a imagina\u00e7\u00e3o O ano de 2015 chega ao final. O EACC, em seu local provis\u00f3rio, (re)abriu ao p\u00fablico em 03\/03\/2015 e at\u00e9 09\/12\/2015, dia do \u00faltimo atendimento escolar, teve um total de 2434 visitantes. \u00a0No segundo semestre, com os cortes na oferta de \u00f4nibus pela UNIVASF, decorrente da <a href=\"https:\/\/eacc.univasf.edu.br\/index.php\/2015\/12\/23\/editorial-o-eacc-o-sonho-e-a-imaginacao\/\" rel=\"nofollow\"><span class=\"sr-only\">Read more about Editorial &#8211; O EACC, o sonho e a imagina\u00e7\u00e3o<\/span>[&hellip;]<\/a><\/p>\n","protected":false},"author":1,"featured_media":347,"comment_status":"closed","ping_status":"closed","sticky":false,"template":"","format":"standard","meta":{"footnotes":""},"categories":[9,1],"tags":[8],"class_list":["post-340","post","type-post","status-publish","format-standard","has-post-thumbnail","hentry","category-coordenador","category-prenovo","tag-noticias"],"_links":{"self":[{"href":"https:\/\/eacc.univasf.edu.br\/index.php\/wp-json\/wp\/v2\/posts\/340"}],"collection":[{"href":"https:\/\/eacc.univasf.edu.br\/index.php\/wp-json\/wp\/v2\/posts"}],"about":[{"href":"https:\/\/eacc.univasf.edu.br\/index.php\/wp-json\/wp\/v2\/types\/post"}],"author":[{"embeddable":true,"href":"https:\/\/eacc.univasf.edu.br\/index.php\/wp-json\/wp\/v2\/users\/1"}],"replies":[{"embeddable":true,"href":"https:\/\/eacc.univasf.edu.br\/index.php\/wp-json\/wp\/v2\/comments?post=340"}],"version-history":[{"count":7,"href":"https:\/\/eacc.univasf.edu.br\/index.php\/wp-json\/wp\/v2\/posts\/340\/revisions"}],"predecessor-version":[{"id":1635,"href":"https:\/\/eacc.univasf.edu.br\/index.php\/wp-json\/wp\/v2\/posts\/340\/revisions\/1635"}],"wp:featuredmedia":[{"embeddable":true,"href":"https:\/\/eacc.univasf.edu.br\/index.php\/wp-json\/wp\/v2\/media\/347"}],"wp:attachment":[{"href":"https:\/\/eacc.univasf.edu.br\/index.php\/wp-json\/wp\/v2\/media?parent=340"}],"wp:term":[{"taxonomy":"category","embeddable":true,"href":"https:\/\/eacc.univasf.edu.br\/index.php\/wp-json\/wp\/v2\/categories?post=340"},{"taxonomy":"post_tag","embeddable":true,"href":"https:\/\/eacc.univasf.edu.br\/index.php\/wp-json\/wp\/v2\/tags?post=340"}],"curies":[{"name":"wp","href":"https:\/\/api.w.org\/{rel}","templated":true}]}}