{"id":330,"date":"2015-04-28T00:00:07","date_gmt":"2015-04-28T03:00:07","guid":{"rendered":"http:\/\/www.eacc.univasf.edu.br\/site\/?p=330"},"modified":"2017-01-27T15:35:15","modified_gmt":"2017-01-27T18:35:15","slug":"eacc-de-portas-abertas","status":"publish","type":"post","link":"https:\/\/eacc.univasf.edu.br\/index.php\/2015\/04\/28\/eacc-de-portas-abertas\/","title":{"rendered":"Editorial &#8211; EACC de portas abertas"},"content":{"rendered":"<div id=\"attachment_332\" style=\"width: 708px\" class=\"wp-caption aligncenter\"><img loading=\"lazy\" decoding=\"async\" aria-describedby=\"caption-attachment-332\" class=\"wp-image-332\" src=\"http:\/\/www.eacc.univasf.edu.br\/site\/wp-content\/uploads\/2017\/01\/ecc-ep-300x225.jpg\" width=\"698\" height=\"523\" srcset=\"https:\/\/eacc.univasf.edu.br\/wp-content\/uploads\/2017\/01\/ecc-ep-300x225.jpg 300w, https:\/\/eacc.univasf.edu.br\/wp-content\/uploads\/2017\/01\/ecc-ep-768x576.jpg 768w, https:\/\/eacc.univasf.edu.br\/wp-content\/uploads\/2017\/01\/ecc-ep-1024x768.jpg 1024w, https:\/\/eacc.univasf.edu.br\/wp-content\/uploads\/2017\/01\/ecc-ep-285x214.jpg 285w, https:\/\/eacc.univasf.edu.br\/wp-content\/uploads\/2017\/01\/ecc-ep.jpg 2048w\" sizes=\"(max-width: 698px) 100vw, 698px\" \/><p id=\"caption-attachment-332\" class=\"wp-caption-text\">Entrada do EACC no Espa\u00e7o Plural<\/p><\/div>\n<p>28\/04\/2015 00:00<\/p>\n<div class=\"wsw\">\n<p>Ol\u00e1 a Todos!<\/p>\n<p>Desde 03\/03\/2015 estamos de portas abertas. Depois de um processo que durou cerca de um ano, referente aos tr\u00e2mites para o preg\u00e3o de manuten\u00e7\u00e3o de equipamentos, conseguimos recuperar parte do acervo do atual\u00a0Espa\u00e7o Arte, Ci\u00eancia e Cultura, EACC.<\/p>\n<p>Tamb\u00e9m, depois de um processo de sele\u00e7\u00e3o e treinamento, nossa equipe conta com tr\u00eas educadoras capacitadas.<\/p>\n<p>Tudo isso resultou em um p\u00fablico total, contando visitas escolares e oberva\u00e7\u00e3o do c\u00e9u, de 400 visitantes durante o m\u00eas de mar\u00e7o de 2015.<\/p>\n<p>As escolas s\u00e3o incentivadas a participar, agendando \u00a0visitas e, se poss\u00edvel, nos dando um retorno sobre a experi\u00eancia vivida pelos estudantes e professores.<\/p>\n<p>Esperamos ampliar nossas atividades e, atrav\u00e9s de pequenos mas consistentes passos, nos tornar um Museu de Ci\u00eancia refer\u00eancia para nossa regi\u00e3o e fazer hist\u00f3ria no Brasil!<\/p>\n<p>Sonhar \u00e9 permitido ! ! !<\/p>\n<p>&nbsp;<\/p>\n<p>Abra\u00e7os<\/p>\n<p>&nbsp;<\/p>\n<p>Milit\u00e3o Figueredo<\/p>\n<p>Coordena\u00e7\u00e3o EACC &#8211; 28\/04\/2015<\/p>\n<p>&nbsp;<\/p>\n<\/div>\n","protected":false},"excerpt":{"rendered":"<p>28\/04\/2015 00:00 Ol\u00e1 a Todos! Desde 03\/03\/2015 estamos de portas abertas. Depois de um processo que durou cerca de um ano, referente aos tr\u00e2mites para o preg\u00e3o de manuten\u00e7\u00e3o de equipamentos, conseguimos recuperar parte do acervo do atual\u00a0Espa\u00e7o Arte, Ci\u00eancia e Cultura, EACC. Tamb\u00e9m, depois de um processo de sele\u00e7\u00e3o e treinamento, nossa equipe conta <a href=\"https:\/\/eacc.univasf.edu.br\/index.php\/2015\/04\/28\/eacc-de-portas-abertas\/\" rel=\"nofollow\"><span class=\"sr-only\">Read more about Editorial &#8211; EACC de portas abertas<\/span>[&hellip;]<\/a><\/p>\n","protected":false},"author":1,"featured_media":332,"comment_status":"closed","ping_status":"closed","sticky":false,"template":"","format":"standard","meta":{"footnotes":""},"categories":[9,10],"tags":[8],"class_list":["post-330","post","type-post","status-publish","format-standard","has-post-thumbnail","hentry","category-coordenador","category-exposicao","tag-noticias"],"_links":{"self":[{"href":"https:\/\/eacc.univasf.edu.br\/index.php\/wp-json\/wp\/v2\/posts\/330"}],"collection":[{"href":"https:\/\/eacc.univasf.edu.br\/index.php\/wp-json\/wp\/v2\/posts"}],"about":[{"href":"https:\/\/eacc.univasf.edu.br\/index.php\/wp-json\/wp\/v2\/types\/post"}],"author":[{"embeddable":true,"href":"https:\/\/eacc.univasf.edu.br\/index.php\/wp-json\/wp\/v2\/users\/1"}],"replies":[{"embeddable":true,"href":"https:\/\/eacc.univasf.edu.br\/index.php\/wp-json\/wp\/v2\/comments?post=330"}],"version-history":[{"count":4,"href":"https:\/\/eacc.univasf.edu.br\/index.php\/wp-json\/wp\/v2\/posts\/330\/revisions"}],"predecessor-version":[{"id":335,"href":"https:\/\/eacc.univasf.edu.br\/index.php\/wp-json\/wp\/v2\/posts\/330\/revisions\/335"}],"wp:featuredmedia":[{"embeddable":true,"href":"https:\/\/eacc.univasf.edu.br\/index.php\/wp-json\/wp\/v2\/media\/332"}],"wp:attachment":[{"href":"https:\/\/eacc.univasf.edu.br\/index.php\/wp-json\/wp\/v2\/media?parent=330"}],"wp:term":[{"taxonomy":"category","embeddable":true,"href":"https:\/\/eacc.univasf.edu.br\/index.php\/wp-json\/wp\/v2\/categories?post=330"},{"taxonomy":"post_tag","embeddable":true,"href":"https:\/\/eacc.univasf.edu.br\/index.php\/wp-json\/wp\/v2\/tags?post=330"}],"curies":[{"name":"wp","href":"https:\/\/api.w.org\/{rel}","templated":true}]}}