{"id":302,"date":"2014-04-27T00:00:11","date_gmt":"2014-04-27T03:00:11","guid":{"rendered":"http:\/\/www.eacc.univasf.edu.br\/site\/?p=302"},"modified":"2018-03-13T10:32:17","modified_gmt":"2018-03-13T13:32:17","slug":"editorial-os-desafios-de-construir-um-museu-de-ciencia","status":"publish","type":"post","link":"https:\/\/eacc.univasf.edu.br\/index.php\/2014\/04\/27\/editorial-os-desafios-de-construir-um-museu-de-ciencia\/","title":{"rendered":"Editorial &#8211; Os Desafios de construir um museu de ci\u00eancia"},"content":{"rendered":"<div id=\"attachment_313\" style=\"width: 616px\" class=\"wp-caption aligncenter\"><img loading=\"lazy\" decoding=\"async\" aria-describedby=\"caption-attachment-313\" class=\"wp-image-313\" src=\"http:\/\/www.eacc.univasf.edu.br\/site\/wp-content\/uploads\/2014\/04\/ecc_petro_fev14-23-300x225.jpg\" width=\"606\" height=\"454\" srcset=\"https:\/\/eacc.univasf.edu.br\/wp-content\/uploads\/2014\/04\/ecc_petro_fev14-23-300x225.jpg 300w, https:\/\/eacc.univasf.edu.br\/wp-content\/uploads\/2014\/04\/ecc_petro_fev14-23-768x576.jpg 768w, https:\/\/eacc.univasf.edu.br\/wp-content\/uploads\/2014\/04\/ecc_petro_fev14-23.jpg 1024w, https:\/\/eacc.univasf.edu.br\/wp-content\/uploads\/2014\/04\/ecc_petro_fev14-23-285x214.jpg 285w\" sizes=\"(max-width: 606px) 100vw, 606px\" \/><p id=\"caption-attachment-313\" class=\"wp-caption-text\">L\u00edvia Aceto e Milit\u00e3o Figueredo na varanda do novo pr\u00e9dio do EACC<\/p><\/div>\n<p>&nbsp;<\/p>\n<p>Ol\u00e1 a Todos!<\/p>\n<div><\/div>\n<div>Inauguramos hoje este espa\u00e7o virtual da coordena\u00e7\u00e3o do ECC-UNIVASF.<\/div>\n<div>Nosso objetivo \u00e9 manter um canal de comunica\u00e7\u00e3o.<\/div>\n<div><\/div>\n<div>Atualmente o ECC est\u00e1 funcionando no Espa\u00e7o Plural, EP, antiga FACJU. O acervo de instala\u00e7\u00f5es est\u00e1 em processo de manuten\u00e7\u00e3o. Estamos todos ansiosos para que este processo se finalize e, de forma adequada, \u00a0possamos recebermos o p\u00fablico. A \u00e1rea destinada \u00e0s instala\u00e7\u00f5es j\u00e1 est\u00e1 climatizada e \u00e9 um local priviilegiado dentro do EP. O \u00a0EP oferece uma ampla \u00e1rea \u00a0de estacionamento. Sem contar que no entorno encontramos a popula\u00e7\u00e3o com maiores necessidades, principalmente de informa\u00e7\u00e3o cient\u00edfica, cultural, art\u00edstica e todos aqueles valores que nos tornam uma &#8220;civiliza\u00e7\u00e3o&#8221;.<\/div>\n<div><\/div>\n<div>Os\u00a0servi\u00e7os de apoio aos professores est\u00e3o funcionando. Temos uma experimentoteca e uma cole\u00e7\u00e3o de v\u00eddeos \u00e0 disposi\u00e7\u00e3o. Todos os professores est\u00e3o convidados a conhecer!<\/div>\n<div><\/div>\n<div>Durante o m\u00eas de janeiro realizamos \u00a0o\u00a0<a href=\"http:\/\/www.eacc.univasf.edu.br\/site\/index.php\/2014\/01\/31\/realizado-o-primeiro-modulo-do-curso-de-astronomia-do-projeto-novos-talentos\/\" data-cke-saved-href=\"http:\/\/ecc-univasf.webnode.com\/news\/realizado-o-primeiro-modulo-do-curso-de-astronomia-do-projeto-novos-talentos\/\">primeiro m\u00f3dulo do Projeto Novos Talentos<\/a>. Foi realizado um curso de astronomia com professores da zona rural de Sento S\u00e9. O curso teve aulas te\u00f3ricas e oficinas, total de 40 horas. Aguardem informa\u00e7\u00f5es sobre a pr\u00f3xima edi\u00e7\u00e3o.<\/div>\n<div><\/div>\n<div>No entanto nosso maior desafio, por sinal muito empolgante, \u00e9 \u00a0o projeto do EACC (Espa\u00e7o de Arte, Ci\u00eancia e Cultura), na orla de Petrolina.<\/div>\n<div>Conseguimos\u00a0<a href=\"http:\/\/www.cnpq.br\/web\/guest\/chamadas-publicas;jsessionid=10ED4A64138AC13E68F484A748123C2C?p_p_id=resultadosportlet_WAR_resultadoscnpqportlet_INSTANCE_0ZaM&amp;idDivulgacao=4041&amp;filtro=resultados&amp;detalha=chamadaDetalhada&amp;exibe=exibe&amp;id=491-1-2060&amp;idResultado=491-1-2060\" target=\"_blank\" rel=\"noopener\" data-cke-saved-href=\"http:\/\/www.cnpq.br\/web\/guest\/chamadas-publicas;jsessionid=10ED4A64138AC13E68F484A748123C2C?p_p_id=resultadosportlet_WAR_resultadoscnpqportlet_INSTANCE_0ZaM&amp;idDivulgacao=4041&amp;filtro=resultados&amp;detalha=chamadaDetalhada&amp;exibe=exibe&amp;id=491-1-2060&amp;idResultado=491-1-2060\">aprova\u00e7\u00e3o no Edital 85\/2013<\/a>\u00a0do CNPQ para a realiza\u00e7\u00e3o de projetos expogr\u00e1ficos. \u00a0Com isto conseguimos montar uma equipe com dedica\u00e7\u00e3o exclusiva.\u00a0Isto significa pensar o espa\u00e7o interno e externo, escolher as instala\u00e7\u00f5es, os temas, etc. Enfim, um museu de ci\u00eancia \u00e9 muito mais do que uma feira de ci\u00eancias. Aqui cabe salientar que este \u00e9 apenas o come\u00e7o de um projeto institucional muito maior. . . \u00a0O que vale \u00e9 sonhar!<\/div>\n<div><\/div>\n<div>Tamb\u00e9m salientamos que \u00e9 uma tarefa n\u00e3o trivial. \u00a0Afinal, quantas universidades possuem &#8220;museus de ciencia&#8221; ? J\u00e1 pensaram nisto?\u00a0<a href=\"http:\/\/www.espacociencia.pe.gov.br\/?p=4870\" target=\"_blank\" rel=\"noopener\" data-cke-saved-href=\"http:\/\/www.espacociencia.pe.gov.br\/artigos\/museus-e-centros-de-ciencia\/\">Por que ser\u00e1?<\/a><\/div>\n<div><\/div>\n<div>Abra\u00e7os<\/div>\n<div><\/div>\n<div>Milit\u00e3o Figueredo<\/div>\n<div>Coordena\u00e7\u00e3o ECC-UNIVASF<\/div>\n<div>02\/04\/2014.<\/div>\n","protected":false},"excerpt":{"rendered":"<p>&nbsp; Ol\u00e1 a Todos! Inauguramos hoje este espa\u00e7o virtual da coordena\u00e7\u00e3o do ECC-UNIVASF. Nosso objetivo \u00e9 manter um canal de comunica\u00e7\u00e3o. Atualmente o ECC est\u00e1 funcionando no Espa\u00e7o Plural, EP, antiga FACJU. O acervo de instala\u00e7\u00f5es est\u00e1 em processo de manuten\u00e7\u00e3o. Estamos todos ansiosos para que este processo se finalize e, de forma adequada, \u00a0possamos <a href=\"https:\/\/eacc.univasf.edu.br\/index.php\/2014\/04\/27\/editorial-os-desafios-de-construir-um-museu-de-ciencia\/\" rel=\"nofollow\"><span class=\"sr-only\">Read more about Editorial &#8211; Os Desafios de construir um museu de ci\u00eancia<\/span>[&hellip;]<\/a><\/p>\n","protected":false},"author":1,"featured_media":313,"comment_status":"closed","ping_status":"closed","sticky":false,"template":"","format":"standard","meta":{"footnotes":""},"categories":[9],"tags":[8],"class_list":["post-302","post","type-post","status-publish","format-standard","has-post-thumbnail","hentry","category-coordenador","tag-noticias"],"_links":{"self":[{"href":"https:\/\/eacc.univasf.edu.br\/index.php\/wp-json\/wp\/v2\/posts\/302"}],"collection":[{"href":"https:\/\/eacc.univasf.edu.br\/index.php\/wp-json\/wp\/v2\/posts"}],"about":[{"href":"https:\/\/eacc.univasf.edu.br\/index.php\/wp-json\/wp\/v2\/types\/post"}],"author":[{"embeddable":true,"href":"https:\/\/eacc.univasf.edu.br\/index.php\/wp-json\/wp\/v2\/users\/1"}],"replies":[{"embeddable":true,"href":"https:\/\/eacc.univasf.edu.br\/index.php\/wp-json\/wp\/v2\/comments?post=302"}],"version-history":[{"count":10,"href":"https:\/\/eacc.univasf.edu.br\/index.php\/wp-json\/wp\/v2\/posts\/302\/revisions"}],"predecessor-version":[{"id":312,"href":"https:\/\/eacc.univasf.edu.br\/index.php\/wp-json\/wp\/v2\/posts\/302\/revisions\/312"}],"wp:featuredmedia":[{"embeddable":true,"href":"https:\/\/eacc.univasf.edu.br\/index.php\/wp-json\/wp\/v2\/media\/313"}],"wp:attachment":[{"href":"https:\/\/eacc.univasf.edu.br\/index.php\/wp-json\/wp\/v2\/media?parent=302"}],"wp:term":[{"taxonomy":"category","embeddable":true,"href":"https:\/\/eacc.univasf.edu.br\/index.php\/wp-json\/wp\/v2\/categories?post=302"},{"taxonomy":"post_tag","embeddable":true,"href":"https:\/\/eacc.univasf.edu.br\/index.php\/wp-json\/wp\/v2\/tags?post=302"}],"curies":[{"name":"wp","href":"https:\/\/api.w.org\/{rel}","templated":true}]}}