{"id":300,"date":"2014-07-11T13:02:49","date_gmt":"2014-07-11T16:02:49","guid":{"rendered":"http:\/\/www.eacc.univasf.edu.br\/site\/?p=300"},"modified":"2017-01-27T16:04:13","modified_gmt":"2017-01-27T19:04:13","slug":"ecc-avalia-projeto-da-nova-sede-na-orla-de-petrolina","status":"publish","type":"post","link":"https:\/\/eacc.univasf.edu.br\/index.php\/2014\/07\/11\/ecc-avalia-projeto-da-nova-sede-na-orla-de-petrolina\/","title":{"rendered":"ECC avalia projeto da nova sede na orla de Petrolina"},"content":{"rendered":"<div>ECC avalia projeto da nova sede na orla de Petrolina<\/div>\n<div>11-07-2014 13:02:54<\/div>\n<div><\/div>\n<div style=\"text-align: center;\"><img loading=\"lazy\" decoding=\"async\" class=\"alignnone wp-image-308\" src=\"http:\/\/www.eacc.univasf.edu.br\/site\/wp-content\/uploads\/2017\/01\/pdr-01-300x225.jpg\" alt=\"\" width=\"717\" height=\"538\" srcset=\"https:\/\/eacc.univasf.edu.br\/wp-content\/uploads\/2017\/01\/pdr-01-300x225.jpg 300w, https:\/\/eacc.univasf.edu.br\/wp-content\/uploads\/2017\/01\/pdr-01-768x576.jpg 768w, https:\/\/eacc.univasf.edu.br\/wp-content\/uploads\/2017\/01\/pdr-01.jpg 1024w, https:\/\/eacc.univasf.edu.br\/wp-content\/uploads\/2017\/01\/pdr-01-285x214.jpg 285w\" sizes=\"(max-width: 717px) 100vw, 717px\" \/><\/div>\n<div><\/div>\n<div>O Espa\u00e7o Ci\u00eancia e Cultura da Universidade Federal do Vale do S\u00e3o Francisco (ECC\/Univasf) promoveu, no m\u00eas passado, a revis\u00e3o do projeto conceitual da nova sede que est\u00e1 em constru\u00e7\u00e3o na orla de Petrolina (PE). A iniciativa envolveu a participa\u00e7\u00e3o da Reitoria com a presen\u00e7a do vice-reitor Telio Nobre Leite; a equipe da Assessoria de Infraestutura da universidade e especialistas na \u00e1rea, entre os quais, o professor da Univasf e presidente da Associa\u00e7\u00e3o Brasileira de Centros e Museus de Ci\u00eancia, Carlos Wagner Ara\u00fajo. A banca de Revis\u00e3o contou ainda com as colabora\u00e7\u00f5es de outras refer\u00eancias, a exemplo de Antonio Carlos Pav\u00e3o, do <a href=\"http:\/\/www.espacociencia.pe.gov.br\/\" target=\"_blank\" data-cke-saved-href=\"http:\/\/www.espacociencia.pe.gov.br\/\">Espa\u00e7o Ci\u00eancia de Pernambuco<\/a>; Marcus Vale, da <a href=\"http:\/\/www.seara.ufc.br\/\" target=\"_blank\" data-cke-saved-href=\"http:\/\/www.seara.ufc.br\/\">Seara da Ci\u00eancia<\/a> da Universidade Federal do Cear\u00e1 (UFC) e Luciana M\u00f4naco, do N\u00facleo de Difus\u00e3o do Conhecimento do <a href=\"http:\/\/www.butantan.gov.br\/index.php\" target=\"_blank\" data-cke-saved-href=\"http:\/\/www.butantan.gov.br\/index.php\">Instituto Butantan<\/a>. A a\u00e7\u00e3o englobou apresenta\u00e7\u00f5es, reuni\u00f5es t\u00e9cnicas e visita \u00e0s edifica\u00e7\u00f5es.<\/div>\n<div><\/div>\n<div>Entre os elementos avaliados pela equipe, est\u00e3o a forma de ocupa\u00e7\u00e3o e funcionamento dos espa\u00e7os projetados para a inser\u00e7\u00e3o do futuro acervo que ir\u00e1 compor o museu, e tamb\u00e9m os meios para o p\u00fablico interagir com os respectivos ambientes e instala\u00e7\u00f5es. \u201cUm museu de ci\u00eancia n\u00e3o \u00e9 somente um pr\u00e9dio, tem que ser pensado desde a ilumina\u00e7\u00e3o at\u00e9 a concep\u00e7\u00e3o de funcionamento; ent\u00e3o voc\u00ea planejar \u00e9 voc\u00ea pensar isso, \u00e9 antever o que pode acontecer, e estamos pensando nisso e hoje em dia j\u00e1 se adiantou bastante nessa concep\u00e7\u00e3o de museus, o Brasil tem alguns, mas voc\u00ea tem refer\u00eancias no mundo\u201d, destaca o coordenador do ECC, professor Milit\u00e3o Figueredo.<\/div>\n<div><\/div>\n<div>De acordo com o assessor de Infraestrutura da Univasf, engenheiro Fabio Seixas, a expectativa \u00e9 que at\u00e9 o final de 2014 os projetos de urbaniza\u00e7\u00e3o sejam conclu\u00eddos. Al\u00e9m disso, a meta \u00e9 que em 2015 as interven\u00e7\u00f5es relativas \u00e0 obra e eventuais adequa\u00e7\u00f5es estejam finalizadas. A partir da\u00ed, destaca Fabio Seixas: \u201cSeguem as etapas de provis\u00e3o dos recursos, licita\u00e7\u00f5es, visando \u00e0 execu\u00e7\u00e3o dos servi\u00e7os\u201d. O pr\u00e9dio com 2.492,47m\u00b2 e tr\u00eas pavimentos ocupa uma \u00e1rea de mais de 1,6 ha, onde ficar\u00e3o dispostos duas exposi\u00e7\u00f5es de ci\u00eancias permanentes e setores para exposi\u00e7\u00f5es tempor\u00e1rias. Conforme L\u00edvia Aceto, especialista-bolsista do ECC, o projeto tamb\u00e9m prev\u00ea salas para biblioteca, oficinas, e ainda, experimentoteca e infoteca.<\/div>\n<div><\/div>\n<div>Atualmente o ECC est\u00e1 funcionando no Espa\u00e7o Plural da Univasf, com Experimentoteca e a Cole\u00e7\u00e3o Ver Ci\u00eancia, onde dever\u00e1 permanecer at\u00e9 que a sede definitiva fique pronta, quando passar\u00e1 a adotar um novo nome, apresentando-se como Espa\u00e7o de Arte, Ci\u00eancia e Cultura (EACC). Nesta perspectiva, explica professor Milit\u00e3o, a altera\u00e7\u00e3o da nomenclatura, aprovada no Conselho Universit\u00e1rio (Conuni), dever\u00e1 expandir as possibilidades de populariza\u00e7\u00e3o da ci\u00eancia junto \u00e0 comunidade externa, reafirmando-se como espa\u00e7o n\u00e3o-formal de educa\u00e7\u00e3o, com novas perspectivas e espa\u00e7o privilegiado para a difus\u00e3o cient\u00edfica. De acordo com Livia Aceto, a nova sede ir\u00e1 valorizar a simbologia do Rio S\u00e3o Francisco e a vegeta\u00e7\u00e3o da regi\u00e3o. A proposta \u00e9 a cria\u00e7\u00e3o de um bosque com esp\u00e9cies nativas, a\u00e7\u00e3o que receber\u00e1 apoio do Centro de Refer\u00eancia para Recupera\u00e7\u00e3o de \u00c1reas Degradadas (Crad\/Univasf).<\/div>\n<div><\/div>\n<div>Al\u00e9m da concep\u00e7\u00e3o paisag\u00edstica e expogr\u00e1fica do museu, a equipe tem se envolvido em propostas de fomento a projetos para capta\u00e7\u00e3o de recursos externos, a\u00e7\u00e3o que tem somado \u00e0s demais iniciativas. No ano passado, por exemplo, o ECC foi contemplado em uma chamada p\u00fablica do Conselho Nacional de Pesquisa (CNPq). O projeto assinado pelo professor Milit\u00e3o, submetido \u00e0 entidade, atrav\u00e9s do edital 85\/2013 foi aprovado e j\u00e1 possibilitou a contrata\u00e7\u00e3o de especialistas-bolsistas. De acordo com ele, do volume total de recursos previstos pelo projeto, da ordem de R$ 519 mil, um montante de R$ 350 mil, dever\u00e1 ser revertido para a compra de equipamentos. \u201cN\u00f3s estamos planejando as instala\u00e7\u00f5es que far\u00e3o parte desse primeiro acervo\u201d, antecipa.<\/div>\n<div><\/div>\n<div><\/div>\n<div>Klene Barreto de Aquino<\/div>\n<div><\/div>\n<div><\/div>\n<div>Fotos: Acervo ECC<\/div>\n<div><\/div>\n<div><\/div>\n<div><a href=\"http:\/\/www.univasf.edu.br\/detalhe_noticias.php?cod=2151\" target=\"_blank\" data-cke-saved-href=\"http:\/\/www.univasf.edu.br\/detalhe_noticias.php?cod=2151\">Por: Assessoria de Comunica\u00e7\u00e3o<\/a><\/div>\n","protected":false},"excerpt":{"rendered":"<p>ECC avalia projeto da nova sede na orla de Petrolina 11-07-2014 13:02:54 O Espa\u00e7o Ci\u00eancia e Cultura da Universidade Federal do Vale do S\u00e3o Francisco (ECC\/Univasf) promoveu, no m\u00eas passado, a revis\u00e3o do projeto conceitual da nova sede que est\u00e1 em constru\u00e7\u00e3o na orla de Petrolina (PE). A iniciativa envolveu a participa\u00e7\u00e3o da Reitoria com <a href=\"https:\/\/eacc.univasf.edu.br\/index.php\/2014\/07\/11\/ecc-avalia-projeto-da-nova-sede-na-orla-de-petrolina\/\" rel=\"nofollow\"><span class=\"sr-only\">Read more about ECC avalia projeto da nova sede na orla de Petrolina<\/span>[&hellip;]<\/a><\/p>\n","protected":false},"author":1,"featured_media":308,"comment_status":"closed","ping_status":"closed","sticky":false,"template":"","format":"standard","meta":{"footnotes":""},"categories":[1],"tags":[8],"class_list":["post-300","post","type-post","status-publish","format-standard","has-post-thumbnail","hentry","category-prenovo","tag-noticias"],"_links":{"self":[{"href":"https:\/\/eacc.univasf.edu.br\/index.php\/wp-json\/wp\/v2\/posts\/300"}],"collection":[{"href":"https:\/\/eacc.univasf.edu.br\/index.php\/wp-json\/wp\/v2\/posts"}],"about":[{"href":"https:\/\/eacc.univasf.edu.br\/index.php\/wp-json\/wp\/v2\/types\/post"}],"author":[{"embeddable":true,"href":"https:\/\/eacc.univasf.edu.br\/index.php\/wp-json\/wp\/v2\/users\/1"}],"replies":[{"embeddable":true,"href":"https:\/\/eacc.univasf.edu.br\/index.php\/wp-json\/wp\/v2\/comments?post=300"}],"version-history":[{"count":4,"href":"https:\/\/eacc.univasf.edu.br\/index.php\/wp-json\/wp\/v2\/posts\/300\/revisions"}],"predecessor-version":[{"id":351,"href":"https:\/\/eacc.univasf.edu.br\/index.php\/wp-json\/wp\/v2\/posts\/300\/revisions\/351"}],"wp:featuredmedia":[{"embeddable":true,"href":"https:\/\/eacc.univasf.edu.br\/index.php\/wp-json\/wp\/v2\/media\/308"}],"wp:attachment":[{"href":"https:\/\/eacc.univasf.edu.br\/index.php\/wp-json\/wp\/v2\/media?parent=300"}],"wp:term":[{"taxonomy":"category","embeddable":true,"href":"https:\/\/eacc.univasf.edu.br\/index.php\/wp-json\/wp\/v2\/categories?post=300"},{"taxonomy":"post_tag","embeddable":true,"href":"https:\/\/eacc.univasf.edu.br\/index.php\/wp-json\/wp\/v2\/tags?post=300"}],"curies":[{"name":"wp","href":"https:\/\/api.w.org\/{rel}","templated":true}]}}