{"id":280,"date":"2015-01-27T11:49:33","date_gmt":"2015-01-27T14:49:33","guid":{"rendered":"http:\/\/www.eacc.univasf.edu.br\/site\/?p=280"},"modified":"2017-01-27T15:31:37","modified_gmt":"2017-01-27T18:31:37","slug":"realizado-o-terceiro-modulo-do-novos-talentos-astronomia","status":"publish","type":"post","link":"https:\/\/eacc.univasf.edu.br\/index.php\/2015\/01\/27\/realizado-o-terceiro-modulo-do-novos-talentos-astronomia\/","title":{"rendered":"Realizado o Terceiro M\u00f3dulo do Novos Talentos Astronomia"},"content":{"rendered":"<p>Durante o per\u00edodo de 12 a 16 de janeiro foi realizado o terceiro \u00a0m\u00f3dulo do projeto Novos Talentos, junto aos professores de Sento S\u00e9 &#8211; BA. \u00a0O M\u00f3dulo foi ministrado pelo grupo de astronomia da UNIVASF, composto pelos professores Alessandro Mois\u00e9s, Milit\u00e3o Figueredo e pela astr\u00f4noma L\u00edvia Aceto, bolsista CNPQ. Durante o per\u00edodo, al\u00e9m de atividades de oficinas e observa\u00e7\u00f5es do c\u00e9u, foram realizados, pelos professores, projetos que ser\u00e3o desenvolvidos nas escolas, compreendendo as da sede e zona rural.<\/p>\n<p>O quarto m\u00f3dulo ser\u00e1 a execu\u00e7\u00e3o destes projetos junto aos estudantes.<\/p>\n<p style=\"text-align: center;\">\u00a0<img loading=\"lazy\" decoding=\"async\" class=\"alignnone wp-image-286\" src=\"http:\/\/www.eacc.univasf.edu.br\/site\/wp-content\/uploads\/2015\/01\/IMG_20150115_151124994_HDR-2-300x169.jpg\" alt=\"\" width=\"638\" height=\"359\" srcset=\"https:\/\/eacc.univasf.edu.br\/wp-content\/uploads\/2015\/01\/IMG_20150115_151124994_HDR-2-300x169.jpg 300w, https:\/\/eacc.univasf.edu.br\/wp-content\/uploads\/2015\/01\/IMG_20150115_151124994_HDR-2-768x433.jpg 768w, https:\/\/eacc.univasf.edu.br\/wp-content\/uploads\/2015\/01\/IMG_20150115_151124994_HDR-2-1024x577.jpg 1024w, https:\/\/eacc.univasf.edu.br\/wp-content\/uploads\/2015\/01\/IMG_20150115_151124994_HDR-2.jpg 1280w\" sizes=\"(max-width: 638px) 100vw, 638px\" \/><\/p>\n<p style=\"text-align: center;\"><img loading=\"lazy\" decoding=\"async\" class=\"alignnone wp-image-282\" src=\"http:\/\/www.eacc.univasf.edu.br\/site\/wp-content\/uploads\/2015\/01\/novos-talentos-02-300x169.jpg\" alt=\"\" width=\"645\" height=\"363\" srcset=\"https:\/\/eacc.univasf.edu.br\/wp-content\/uploads\/2015\/01\/novos-talentos-02-300x169.jpg 300w, https:\/\/eacc.univasf.edu.br\/wp-content\/uploads\/2015\/01\/novos-talentos-02-768x433.jpg 768w, https:\/\/eacc.univasf.edu.br\/wp-content\/uploads\/2015\/01\/novos-talentos-02-1024x577.jpg 1024w, https:\/\/eacc.univasf.edu.br\/wp-content\/uploads\/2015\/01\/novos-talentos-02.jpg 1280w\" sizes=\"(max-width: 645px) 100vw, 645px\" \/><\/p>\n<p>&nbsp;<\/p>\n","protected":false},"excerpt":{"rendered":"<p>Durante o per\u00edodo de 12 a 16 de janeiro foi realizado o terceiro \u00a0m\u00f3dulo do projeto Novos Talentos, junto aos professores de Sento S\u00e9 &#8211; BA. \u00a0O M\u00f3dulo foi ministrado pelo grupo de astronomia da UNIVASF, composto pelos professores Alessandro Mois\u00e9s, Milit\u00e3o Figueredo e pela astr\u00f4noma L\u00edvia Aceto, bolsista CNPQ. Durante o per\u00edodo, al\u00e9m de <a href=\"https:\/\/eacc.univasf.edu.br\/index.php\/2015\/01\/27\/realizado-o-terceiro-modulo-do-novos-talentos-astronomia\/\" rel=\"nofollow\"><span class=\"sr-only\">Read more about Realizado o Terceiro M\u00f3dulo do Novos Talentos Astronomia<\/span>[&hellip;]<\/a><\/p>\n","protected":false},"author":1,"featured_media":286,"comment_status":"closed","ping_status":"closed","sticky":false,"template":"","format":"standard","meta":{"footnotes":""},"categories":[7,11],"tags":[8],"class_list":["post-280","post","type-post","status-publish","format-standard","has-post-thumbnail","hentry","category-educacional","category-event","tag-noticias"],"_links":{"self":[{"href":"https:\/\/eacc.univasf.edu.br\/index.php\/wp-json\/wp\/v2\/posts\/280"}],"collection":[{"href":"https:\/\/eacc.univasf.edu.br\/index.php\/wp-json\/wp\/v2\/posts"}],"about":[{"href":"https:\/\/eacc.univasf.edu.br\/index.php\/wp-json\/wp\/v2\/types\/post"}],"author":[{"embeddable":true,"href":"https:\/\/eacc.univasf.edu.br\/index.php\/wp-json\/wp\/v2\/users\/1"}],"replies":[{"embeddable":true,"href":"https:\/\/eacc.univasf.edu.br\/index.php\/wp-json\/wp\/v2\/comments?post=280"}],"version-history":[{"count":4,"href":"https:\/\/eacc.univasf.edu.br\/index.php\/wp-json\/wp\/v2\/posts\/280\/revisions"}],"predecessor-version":[{"id":288,"href":"https:\/\/eacc.univasf.edu.br\/index.php\/wp-json\/wp\/v2\/posts\/280\/revisions\/288"}],"wp:featuredmedia":[{"embeddable":true,"href":"https:\/\/eacc.univasf.edu.br\/index.php\/wp-json\/wp\/v2\/media\/286"}],"wp:attachment":[{"href":"https:\/\/eacc.univasf.edu.br\/index.php\/wp-json\/wp\/v2\/media?parent=280"}],"wp:term":[{"taxonomy":"category","embeddable":true,"href":"https:\/\/eacc.univasf.edu.br\/index.php\/wp-json\/wp\/v2\/categories?post=280"},{"taxonomy":"post_tag","embeddable":true,"href":"https:\/\/eacc.univasf.edu.br\/index.php\/wp-json\/wp\/v2\/tags?post=280"}],"curies":[{"name":"wp","href":"https:\/\/api.w.org\/{rel}","templated":true}]}}