{"id":272,"date":"2015-03-06T16:41:35","date_gmt":"2015-03-06T19:41:35","guid":{"rendered":"http:\/\/www.eacc.univasf.edu.br\/site\/?p=272"},"modified":"2024-11-28T13:44:02","modified_gmt":"2024-11-28T16:44:02","slug":"exposicao-interativa-do-espaco-de-arte-ciencia-e-cultura-da-univasf-esta-aberta-a-visitacao-de-escolas","status":"publish","type":"post","link":"https:\/\/eacc.univasf.edu.br\/index.php\/2015\/03\/06\/exposicao-interativa-do-espaco-de-arte-ciencia-e-cultura-da-univasf-esta-aberta-a-visitacao-de-escolas\/","title":{"rendered":"Exposi\u00e7\u00e3o interativa do Espa\u00e7o de Arte, Ci\u00eancia e Cultura da UNIVASF est\u00e1 aberta \u00e0 visita\u00e7\u00e3o de escolas"},"content":{"rendered":"<table class=\" cke_show_border\" border=\"0\" width=\"100%\" cellspacing=\"0\" cellpadding=\"0\">\n<tbody>\n<tr>\n<td height=\"19\"><span class=\"notBlue\"><b>Exposi\u00e7\u00e3o interativa do Espa\u00e7o de Arte, Ci\u00eancia e Cultura da Univasf est\u00e1 aberta \u00e0 visita\u00e7\u00e3o de escolas\u00a0<\/b><\/span><br \/>\n<span class=\"notGray\">06-03-2015 16:09:41<\/span><\/td>\n<\/tr>\n<tr>\n<td height=\"12\"><\/td>\n<\/tr>\n<tr>\n<td valign=\"top\">O Espa\u00e7o de Arte, Ci\u00eancia e Cultura (EACC) da Universidade Federal do Vale do S\u00e3o Francisco (Univasf) passou a receber, a partir desta semana, escolas de Petrolina (PE) e Juazeiro (BA) para visitar sua exposi\u00e7\u00e3o interativa de ci\u00eancias. A mostra \u00e9 formada por 33 experimentos do acervo do EACC e visa despertar nos visitantes o interesse pela ci\u00eancia. Podem participar grupos de estudantes do ensino fundamental e m\u00e9dio de escolas p\u00fablicas e privadas, mediante agendamento pr\u00e9vio. O EACC est\u00e1 localizado no Espa\u00e7o Plural da Univasf, no bairro Malhada da Areia, em Juazeiro (BA).As visitas podem ser realizadas de ter\u00e7a a quinta-feira, no per\u00edodo das 9h \u00e0s 11h. Para as escolas da rede p\u00fablica, a Univasf disponibiliza um \u00f4nibus com 42 lugares, com o intuito de facilitar o acesso ao local. As escolas interessadas devem fazer o agendamento com 15 dias de anteced\u00eancia, por meio do telefone do EACC: (74) 3614-1996 ou atrav\u00e9s do e-mail: ecc@univasf.edu.br. A cada 20 crian\u00e7as, deve haver um professor como acompanhante.<\/p>\n<div style=\"text-align: center;\"><img loading=\"lazy\" decoding=\"async\" class=\"alignnone wp-image-1714\" src=\"https:\/\/eacc-novo.univasf.edu.br\/wp-content\/uploads\/2024\/11\/Site6-scaled.jpg\" alt=\"\" width=\"433\" height=\"290\" srcset=\"https:\/\/eacc.univasf.edu.br\/wp-content\/uploads\/2024\/11\/Site6-scaled.jpg 2560w, https:\/\/eacc.univasf.edu.br\/wp-content\/uploads\/2024\/11\/Site6-300x201.jpg 300w, https:\/\/eacc.univasf.edu.br\/wp-content\/uploads\/2024\/11\/Site6-1024x685.jpg 1024w, https:\/\/eacc.univasf.edu.br\/wp-content\/uploads\/2024\/11\/Site6-768x514.jpg 768w, https:\/\/eacc.univasf.edu.br\/wp-content\/uploads\/2024\/11\/Site6-1536x1028.jpg 1536w, https:\/\/eacc.univasf.edu.br\/wp-content\/uploads\/2024\/11\/Site6-2048x1371.jpg 2048w, https:\/\/eacc.univasf.edu.br\/wp-content\/uploads\/2024\/11\/Site6-750x500.jpg 750w\" sizes=\"(max-width: 433px) 100vw, 433px\" \/><\/div>\n<div style=\"text-align: center;\">\n<p><img loading=\"lazy\" decoding=\"async\" class=\"aligncenter wp-image-1716\" src=\"https:\/\/eacc-novo.univasf.edu.br\/wp-content\/uploads\/2024\/11\/Site1.jpg\" alt=\"\" width=\"433\" height=\"290\" srcset=\"https:\/\/eacc.univasf.edu.br\/wp-content\/uploads\/2024\/11\/Site1.jpg 448w, https:\/\/eacc.univasf.edu.br\/wp-content\/uploads\/2024\/11\/Site1-300x201.jpg 300w\" sizes=\"(max-width: 433px) 100vw, 433px\" \/><\/p>\n<p><img decoding=\"async\" src=\"http:\/\/univasf.edu.br\/arquivos\/ascom\/imagens\/Site1.JPG\" alt=\"\" data-cke-saved-src=\"http:\/\/univasf.edu.br\/arquivos\/ascom\/imagens\/Site1.JPG\" \/><\/div>\n<p>A Escola Municipal Nossa Senhora das Gra\u00e7as, situada no Projeto Bebedouro em Petrolina, foi a primeira a visitar a exposi\u00e7\u00e3o. Durante a manh\u00e3 da \u00faltima ter\u00e7a-feira (3), um grupo de 30 alunos do 2\u00ba e 3\u00ba anos do ensino fundamental teve a oportunidade de interagir com os experimentos da mostra, entre eles: bicicleta geradora de energia, cadeira girat\u00f3ria, espelhos c\u00f4ncavo e convexo, caleidosc\u00f3pio e instrumento \u00f3ptico de ilus\u00e3o de movimento.<\/p>\n<p>No segundo momento da programa\u00e7\u00e3o, os alunos participaram de oficina com os kits da \u201cExperimentoteca\u201d e puderam interagir com diversos fen\u00f4menos de f\u00edsica, qu\u00edmica e biologia. Durante toda a visita, as crian\u00e7as s\u00e3o monitoradas por educadoras treinadas e supervisionadas por um coordenador do EACC. De acordo com L\u00edvia Aceto, respons\u00e1vel pela exposi\u00e7\u00e3o, essa \u00e9 uma oportunidade para que as crian\u00e7as tenham contato com a experimenta\u00e7\u00e3o. \u201cAqui eles primeiro veem o fen\u00f4meno, se questionam, e depois buscam por respostas\u201c, explicou.<\/p>\n<div style=\"text-align: center;\"><img loading=\"lazy\" decoding=\"async\" class=\"alignnone wp-image-1720\" src=\"https:\/\/eacc-novo.univasf.edu.br\/wp-content\/uploads\/2024\/11\/Site2.jpg\" alt=\"\" width=\"433\" height=\"290\" srcset=\"https:\/\/eacc.univasf.edu.br\/wp-content\/uploads\/2024\/11\/Site2.jpg 448w, https:\/\/eacc.univasf.edu.br\/wp-content\/uploads\/2024\/11\/Site2-300x201.jpg 300w\" sizes=\"(max-width: 433px) 100vw, 433px\" \/><\/div>\n<div><\/div>\n<div><\/div>\n<div style=\"text-align: center;\"><img loading=\"lazy\" decoding=\"async\" class=\"aligncenter wp-image-1722\" src=\"https:\/\/eacc-novo.univasf.edu.br\/wp-content\/uploads\/2024\/11\/Site3.jpg\" alt=\"\" width=\"433\" height=\"290\" srcset=\"https:\/\/eacc.univasf.edu.br\/wp-content\/uploads\/2024\/11\/Site3.jpg 448w, https:\/\/eacc.univasf.edu.br\/wp-content\/uploads\/2024\/11\/Site3-300x201.jpg 300w\" sizes=\"(max-width: 433px) 100vw, 433px\" \/><\/div>\n<p>De acordo com a professora Maricleide Soares, que acompanhou o grupo escolar, as crian\u00e7as aproveitaram a visita. \u201cOs alunos puderam entrar em contato com o que eles aprendem nos livros did\u00e1ticos. A visita em si j\u00e1 \u00e9 muito boa, porque o aluno sai da sala de aula para ter experi\u00eancias diferentes\u201d, observou.<\/p>\n<p>\u00c9 poss\u00edvel associar a oficina que ser\u00e1 realizada pelos estudantes durante a visita aos assuntos que estejam sendo trabalhados em sala de aula. Basta que o tema seja acordado previamente com a equipe do EACC. L\u00edvia informa que grupos de Educa\u00e7\u00e3o de Jovens e Adultos (EJA) tamb\u00e9m podem participar.<\/p>\n<div><img decoding=\"async\" class=\"aligncenter\" src=\"http:\/\/univasf.edu.br\/arquivos\/ascom\/imagens\/Site4.JPG\" alt=\"\" data-cke-saved-src=\"http:\/\/univasf.edu.br\/arquivos\/ascom\/imagens\/Site4.JPG\" \/>\u00a0\u00a0\u00a0\u00a0 <img loading=\"lazy\" decoding=\"async\" class=\"aligncenter wp-image-1724\" src=\"https:\/\/eacc-novo.univasf.edu.br\/wp-content\/uploads\/2024\/11\/Site4.jpg\" alt=\"\" width=\"433\" height=\"290\" srcset=\"https:\/\/eacc.univasf.edu.br\/wp-content\/uploads\/2024\/11\/Site4.jpg 448w, https:\/\/eacc.univasf.edu.br\/wp-content\/uploads\/2024\/11\/Site4-300x201.jpg 300w\" sizes=\"(max-width: 433px) 100vw, 433px\" \/><\/div>\n<div><\/div>\n<div><\/div>\n<div><\/div>\n<div style=\"text-align: center;\"><img loading=\"lazy\" decoding=\"async\" class=\"alignnone wp-image-1723\" src=\"https:\/\/eacc-novo.univasf.edu.br\/wp-content\/uploads\/2024\/11\/Site5-1.jpg\" alt=\"\" width=\"433\" height=\"290\" srcset=\"https:\/\/eacc.univasf.edu.br\/wp-content\/uploads\/2024\/11\/Site5-1.jpg 448w, https:\/\/eacc.univasf.edu.br\/wp-content\/uploads\/2024\/11\/Site5-1-300x201.jpg 300w\" sizes=\"(max-width: 433px) 100vw, 433px\" \/><\/div>\n<div><img decoding=\"async\" class=\"aligncenter\" src=\"http:\/\/univasf.edu.br\/arquivos\/ascom\/imagens\/Site5.JPG\" alt=\"\" data-cke-saved-src=\"http:\/\/univasf.edu.br\/arquivos\/ascom\/imagens\/Site5.JPG\" \/><\/div>\n<p>Empr\u00e9stimo\u00a0&#8211; Outro servi\u00e7o ofertado pelo EACC \u00e9 o empr\u00e9stimo de materiais para aulas. Est\u00e3o dispon\u00edveis os 70 kits que comp\u00f5em a \u201cExperimentoteca\u201d, acervo desenvolvido pelo Centro de Divulga\u00e7\u00e3o Cient\u00edfica da Universidade de S\u00e3o Paulo (USP), com experimentos de f\u00edsica, qu\u00edmica e biologia, e cerca de 100 v\u00eddeos de temas variados do projeto \u201cVerCi\u00eancia\u201d. Para retirar o material, o professor necessita fazer um cadastro pr\u00e9vio. O cat\u00e1logo e os documentos necess\u00e1rios para a solicita\u00e7\u00e3o podem ser acessados no\u00a0site\u00a0do EACC.<\/p>\n<p>Karen Lima<\/td>\n<\/tr>\n<tr>\n<td><span class=\"gray\">Por:\u00a0<b>Assessoria de Comunica\u00e7\u00e3o<\/b><\/span><\/td>\n<\/tr>\n<\/tbody>\n<\/table>\n","protected":false},"excerpt":{"rendered":"<p>Exposi\u00e7\u00e3o interativa do Espa\u00e7o de Arte, Ci\u00eancia e Cultura da Univasf est\u00e1 aberta \u00e0 visita\u00e7\u00e3o de escolas\u00a0 06-03-2015 16:09:41 O Espa\u00e7o de Arte, Ci\u00eancia e Cultura (EACC) da Universidade Federal do Vale do S\u00e3o Francisco (Univasf) passou a receber, a partir desta semana, escolas de Petrolina (PE) e Juazeiro (BA) para visitar sua exposi\u00e7\u00e3o interativa <a href=\"https:\/\/eacc.univasf.edu.br\/index.php\/2015\/03\/06\/exposicao-interativa-do-espaco-de-arte-ciencia-e-cultura-da-univasf-esta-aberta-a-visitacao-de-escolas\/\" rel=\"nofollow\"><span class=\"sr-only\">Read more about Exposi\u00e7\u00e3o interativa do Espa\u00e7o de Arte, Ci\u00eancia e Cultura da UNIVASF est\u00e1 aberta \u00e0 visita\u00e7\u00e3o de escolas<\/span>[&hellip;]<\/a><\/p>\n","protected":false},"author":1,"featured_media":69,"comment_status":"closed","ping_status":"closed","sticky":false,"template":"","format":"standard","meta":{"footnotes":""},"categories":[7,10],"tags":[8],"class_list":["post-272","post","type-post","status-publish","format-standard","has-post-thumbnail","hentry","category-educacional","category-exposicao","tag-noticias"],"_links":{"self":[{"href":"https:\/\/eacc.univasf.edu.br\/index.php\/wp-json\/wp\/v2\/posts\/272"}],"collection":[{"href":"https:\/\/eacc.univasf.edu.br\/index.php\/wp-json\/wp\/v2\/posts"}],"about":[{"href":"https:\/\/eacc.univasf.edu.br\/index.php\/wp-json\/wp\/v2\/types\/post"}],"author":[{"embeddable":true,"href":"https:\/\/eacc.univasf.edu.br\/index.php\/wp-json\/wp\/v2\/users\/1"}],"replies":[{"embeddable":true,"href":"https:\/\/eacc.univasf.edu.br\/index.php\/wp-json\/wp\/v2\/comments?post=272"}],"version-history":[{"count":11,"href":"https:\/\/eacc.univasf.edu.br\/index.php\/wp-json\/wp\/v2\/posts\/272\/revisions"}],"predecessor-version":[{"id":1731,"href":"https:\/\/eacc.univasf.edu.br\/index.php\/wp-json\/wp\/v2\/posts\/272\/revisions\/1731"}],"wp:featuredmedia":[{"embeddable":true,"href":"https:\/\/eacc.univasf.edu.br\/index.php\/wp-json\/wp\/v2\/media\/69"}],"wp:attachment":[{"href":"https:\/\/eacc.univasf.edu.br\/index.php\/wp-json\/wp\/v2\/media?parent=272"}],"wp:term":[{"taxonomy":"category","embeddable":true,"href":"https:\/\/eacc.univasf.edu.br\/index.php\/wp-json\/wp\/v2\/categories?post=272"},{"taxonomy":"post_tag","embeddable":true,"href":"https:\/\/eacc.univasf.edu.br\/index.php\/wp-json\/wp\/v2\/tags?post=272"}],"curies":[{"name":"wp","href":"https:\/\/api.w.org\/{rel}","templated":true}]}}