{"id":1926,"date":"2025-10-01T09:35:54","date_gmt":"2025-10-01T12:35:54","guid":{"rendered":"https:\/\/eacc.univasf.edu.br\/?p=1926"},"modified":"2025-10-01T10:17:03","modified_gmt":"2025-10-01T13:17:03","slug":"selecao-de-monitores-voluntarios-para-a-snct-2025","status":"publish","type":"post","link":"https:\/\/eacc.univasf.edu.br\/index.php\/2025\/10\/01\/selecao-de-monitores-voluntarios-para-a-snct-2025\/","title":{"rendered":"Sele\u00e7\u00e3o de monitores volunt\u00e1rios para a SNCT 2025"},"content":{"rendered":"\n<p>EACC\/Univasf abre sele\u00e7\u00e3o de monitores volunt\u00e1rios para a 22\u00aa Semana Nacional de Ci\u00eancia e Tecnologia em Petrolina<\/p>\n\n\n\n<p>O Espa\u00e7o Arte, Ci\u00eancia e Cultura (EACC), equipamento vinculado \u00e0 Pr\u00f3-Reitoria de Extens\u00e3o (PROEX) da Universidade Federal do Vale do S\u00e3o Francisco (Univasf), abriu inscri\u00e7\u00f5es para sele\u00e7\u00e3o de at\u00e9 20 monitores volunt\u00e1rios que ir\u00e3o atuar na 22\u00aa Semana Nacional de Ci\u00eancia e Tecnologia (SNCT 2025). O evento ser\u00e1 realizado entre os dias 20 e 24 de outubro de 2025, em Petrolina (PE), com uma programa\u00e7\u00e3o voltada \u00e0 populariza\u00e7\u00e3o da ci\u00eancia e da inova\u00e7\u00e3o.<\/p>\n\n\n\n<p>A atua\u00e7\u00e3o dos monitores ser\u00e1 distribu\u00edda ao longo de tr\u00eas semanas: pr\u00e9-evento (13 a 17\/10), semana oficial da SNCT (20 a 24\/10) e p\u00f3s-evento (27 a 31\/10), totalizando 60 horas de atividades. Entre as fun\u00e7\u00f5es est\u00e3o o acolhimento de visitantes e palestrantes, apoio ao credenciamento, organiza\u00e7\u00e3o de estandes, oficinas, exposi\u00e7\u00f5es e palestras, al\u00e9m de suporte em a\u00e7\u00f5es de acessibilidade, comunica\u00e7\u00e3o e log\u00edstica.<\/p>\n\n\n\n<p>Requisitos e sele\u00e7\u00e3o<\/p>\n\n\n\n<p>Podem se inscrever estudantes regularmente matriculados em cursos de gradua\u00e7\u00e3o ou p\u00f3s-gradua\u00e7\u00e3o de institui\u00e7\u00f5es p\u00fablicas ou privadas. \u00c9 necess\u00e1rio ter disponibilidade m\u00ednima de 20 horas semanais durante o per\u00edodo de atua\u00e7\u00e3o e anexar, no momento da inscri\u00e7\u00e3o, comprovante de matr\u00edcula atualizado e o termo de ades\u00e3o ao servi\u00e7o volunt\u00e1rio.<\/p>\n\n\n\n<p>O processo seletivo levar\u00e1 em conta crit\u00e9rios como disponibilidade, experi\u00eancia em eventos e projetos de extens\u00e3o, perfil de comunica\u00e7\u00e3o e trabalho em equipe. Em caso de empate, ter\u00e3o prioridade os candidatos com maior disponibilidade na semana do evento, experi\u00eancia comprovada em media\u00e7\u00e3o e v\u00ednculo com a Univasf. Os monitores que cumprirem as atribui\u00e7\u00f5es receber\u00e3o certificado emitido pelo EACC\/Univasf com carga hor\u00e1ria de 60h.<\/p>\n\n\n\n<p>Cronograma<\/p>\n\n\n\n<p>Inscri\u00e7\u00f5es: 30\/09 a 05\/10\/2025 (at\u00e9 23h59)<br>Resultado: 07\/10\/2025<br>Capacita\u00e7\u00e3o obrigat\u00f3ria: 08 a 10\/10\/2025<br>Atividades pr\u00e9-evento: a partir de 13\/10\/2025<br>Evento: 20 a 24\/10\/2025<br>P\u00f3s-evento: 27 a 31\/10\/2025<br>Entrega de relat\u00f3rios: at\u00e9 06\/11\/2025<br>Certifica\u00e7\u00e3o: a partir de 12\/11\/2025<\/p>\n\n\n\n<p>Servi\u00e7o<\/p>\n\n\n\n<p>Sele\u00e7\u00e3o de Monitores Volunt\u00e1rios para a SNCT 2025<br>Per\u00edodo de inscri\u00e7\u00f5es: at\u00e9 05\/10\/2025<br>Local: Espa\u00e7o Arte, Ci\u00eancia e Cultura (EACC\/Univasf), Petrolina (PE)<br>Inscri\u00e7\u00f5es: Formul\u00e1rio eletr\u00f4nico &#8211; https:\/\/forms.gle\/C1cmQzFkkrJPVT8VA<br>Mais informa\u00e7\u00f5es: eacc@univasf.edu.br | (87) 99108-9932<\/p>\n\n\n\n<p>Texto: Jaquelyne Costa<br>Assessora de Comunica\u00e7\u00e3o do Centro de Conserva\u00e7\u00e3o e Manejo de Fauna da Caatinga (Cemafauna\/Univasf)<\/p>\n\n\n\n<p><\/p>\n","protected":false},"excerpt":{"rendered":"<p>EACC\/Univasf abre sele\u00e7\u00e3o de monitores volunt\u00e1rios para a 22\u00aa Semana Nacional de Ci\u00eancia e Tecnologia em Petrolina O Espa\u00e7o Arte, Ci\u00eancia e Cultura (EACC), equipamento vinculado \u00e0 Pr\u00f3-Reitoria de Extens\u00e3o (PROEX) da Universidade Federal do Vale do S\u00e3o Francisco (Univasf), abriu inscri\u00e7\u00f5es para sele\u00e7\u00e3o de at\u00e9 20 monitores volunt\u00e1rios que ir\u00e3o atuar na 22\u00aa Semana <a href=\"https:\/\/eacc.univasf.edu.br\/index.php\/2025\/10\/01\/selecao-de-monitores-voluntarios-para-a-snct-2025\/\" rel=\"nofollow\"><span class=\"sr-only\">Read more about Sele\u00e7\u00e3o de monitores volunt\u00e1rios para a SNCT 2025<\/span>[&hellip;]<\/a><\/p>\n","protected":false},"author":19,"featured_media":1928,"comment_status":"closed","ping_status":"closed","sticky":false,"template":"","format":"standard","meta":{"footnotes":""},"categories":[1],"tags":[],"class_list":["post-1926","post","type-post","status-publish","format-standard","has-post-thumbnail","hentry","category-prenovo"],"_links":{"self":[{"href":"https:\/\/eacc.univasf.edu.br\/index.php\/wp-json\/wp\/v2\/posts\/1926"}],"collection":[{"href":"https:\/\/eacc.univasf.edu.br\/index.php\/wp-json\/wp\/v2\/posts"}],"about":[{"href":"https:\/\/eacc.univasf.edu.br\/index.php\/wp-json\/wp\/v2\/types\/post"}],"author":[{"embeddable":true,"href":"https:\/\/eacc.univasf.edu.br\/index.php\/wp-json\/wp\/v2\/users\/19"}],"replies":[{"embeddable":true,"href":"https:\/\/eacc.univasf.edu.br\/index.php\/wp-json\/wp\/v2\/comments?post=1926"}],"version-history":[{"count":2,"href":"https:\/\/eacc.univasf.edu.br\/index.php\/wp-json\/wp\/v2\/posts\/1926\/revisions"}],"predecessor-version":[{"id":1930,"href":"https:\/\/eacc.univasf.edu.br\/index.php\/wp-json\/wp\/v2\/posts\/1926\/revisions\/1930"}],"wp:featuredmedia":[{"embeddable":true,"href":"https:\/\/eacc.univasf.edu.br\/index.php\/wp-json\/wp\/v2\/media\/1928"}],"wp:attachment":[{"href":"https:\/\/eacc.univasf.edu.br\/index.php\/wp-json\/wp\/v2\/media?parent=1926"}],"wp:term":[{"taxonomy":"category","embeddable":true,"href":"https:\/\/eacc.univasf.edu.br\/index.php\/wp-json\/wp\/v2\/categories?post=1926"},{"taxonomy":"post_tag","embeddable":true,"href":"https:\/\/eacc.univasf.edu.br\/index.php\/wp-json\/wp\/v2\/tags?post=1926"}],"curies":[{"name":"wp","href":"https:\/\/api.w.org\/{rel}","templated":true}]}}