{"id":1899,"date":"2025-09-15T15:54:53","date_gmt":"2025-09-15T18:54:53","guid":{"rendered":"https:\/\/eacc.univasf.edu.br\/?p=1899"},"modified":"2025-09-15T16:57:36","modified_gmt":"2025-09-15T19:57:36","slug":"selecao-bolsista-facepe","status":"publish","type":"post","link":"https:\/\/eacc.univasf.edu.br\/index.php\/2025\/09\/15\/selecao-bolsista-facepe\/","title":{"rendered":"Sele\u00e7\u00e3o Bolsista FACEPE"},"content":{"rendered":"\n<h1 class=\"wp-block-heading\">Edital Helen Khoury<\/h1>\n\n\n\n<p>EACC abre sele\u00e7\u00e3o de bolsista para expandir a\u00e7\u00f5es em escolas do Sert\u00e3o do S\u00e3o Francisco<\/p>\n\n\n\n<p>O Espa\u00e7o Arte, Ci\u00eancia e Cultura (EACC), vinculado \u00e0 Pr\u00f3-Reitoria de Extens\u00e3o da Universidade Federal do Vale do S\u00e3o Francisco (PROEX\/Univasf) lan\u00e7ou edital para sele\u00e7\u00e3o de uma bolsista de Coopera\u00e7\u00e3o T\u00e9cnica (BCT-8), em parceria com a Funda\u00e7\u00e3o de Amparo \u00e0 Ci\u00eancia e Tecnologia do Estado de Pernambuco (FACEPE). O EACC est\u00e1 localizado na Orla de Petrolina e \u00e9 um dos principais espa\u00e7os de difus\u00e3o e populariza\u00e7\u00e3o da ci\u00eancia da regi\u00e3o.<\/p>\n\n\n\n<p>A oportunidade faz parte do projeto \u201cExpans\u00e3o das a\u00e7\u00f5es do EACC para escolas Rurais de Petrolina e cidades do Sert\u00e3o do S\u00e3o Francisco\u201d, aprovado no Edital n\u00ba 22\/2025 da FACEPE (Helen Khoury: Apoio \u00e0 Difus\u00e3o e Populariza\u00e7\u00e3o da Ci\u00eancia). O projeto visa aproximar ainda mais a ci\u00eancia da popula\u00e7\u00e3o, especialmente estudantes da zona rural, por meio de atividades itinerantes, oficinas e media\u00e7\u00e3o cient\u00edfica. As inscri\u00e7\u00f5es est\u00e3o abertas at\u00e9 o dia 22 de setembro, \u00e0s 23h59, e devem ser realizadas exclusivamente de forma online, por meio do formul\u00e1rio eletr\u00f4nico dispon\u00edvel no link: https:\/\/forms.gle\/UVqTmZgD8rgySvGU8. O resultado final ser\u00e1 divulgado em 26 de setembro, com in\u00edcio do plano de trabalho previsto para 1\u00ba de outubro de 2025.<\/p>\n\n\n\n<p>O edital \u00e9 voltado exclusivamente para mulheres com gradua\u00e7\u00e3o em qualquer curso de n\u00edvel superior. Entre os requisitos est\u00e3o a disponibilidade m\u00ednima de cinco turnos presenciais no EACC, preferencialmente no turno da manh\u00e3, al\u00e9m de habilidades de comunica\u00e7\u00e3o assertiva, lideran\u00e7a e interesse em divulga\u00e7\u00e3o cient\u00edfica. \u00c9 necess\u00e1rio ainda n\u00e3o estar vinculada a nenhuma outra bolsa vigente. A sele\u00e7\u00e3o ser\u00e1 realizada em duas etapas. A primeira consiste na an\u00e1lise do curr\u00edculo e de uma carta de inten\u00e7\u00e3o de at\u00e9 20 linhas, onde a candidata dever\u00e1 responder por que deseja integrar a equipe do EACC e do projeto. As pr\u00e9-selecionadas participar\u00e3o de uma entrevista a partir de 24 de setembro com a coordena\u00e7\u00e3o, que avaliar\u00e1 afinidade com o projeto, disponibilidade e habilidades de comunica\u00e7\u00e3o.<\/p>\n\n\n\n<p>A bolsista selecionada receber\u00e1 bolsa no valor de R$ 1.500,00, com carga hor\u00e1ria m\u00ednima de 20 horas semanais. Suas atribui\u00e7\u00f5es incluem o apoio ao planejamento e execu\u00e7\u00e3o das miss\u00f5es itinerantes do programa \u201cEACC vai \u00e0 Escola\u201d, media\u00e7\u00e3o cient\u00edfica em oficinas multidisciplinares, desenvolvimento de atividades sobre mulheres cientistas, articula\u00e7\u00e3o com escolas parceiras e incentivo \u00e0 visita\u00e7\u00e3o da sede do EACC, al\u00e9m de coleta de dados e elabora\u00e7\u00e3o de relat\u00f3rios&nbsp;do&nbsp;projeto.<\/p>\n\n\n\n<p>O edital completo pode ser acessado <a href=\"https:\/\/drive.google.com\/file\/d\/1tNciWZtzwoMM577JLVKh86SUIUKdrr0m\/view\">aqui.<\/a><\/p>\n","protected":false},"excerpt":{"rendered":"<p>Edital Helen Khoury EACC abre sele\u00e7\u00e3o de bolsista para expandir a\u00e7\u00f5es em escolas do Sert\u00e3o do S\u00e3o Francisco O Espa\u00e7o Arte, Ci\u00eancia e Cultura (EACC), vinculado \u00e0 Pr\u00f3-Reitoria de Extens\u00e3o da Universidade Federal do Vale do S\u00e3o Francisco (PROEX\/Univasf) lan\u00e7ou edital para sele\u00e7\u00e3o de uma bolsista de Coopera\u00e7\u00e3o T\u00e9cnica (BCT-8), em parceria com a Funda\u00e7\u00e3o <a href=\"https:\/\/eacc.univasf.edu.br\/index.php\/2025\/09\/15\/selecao-bolsista-facepe\/\" rel=\"nofollow\"><span class=\"sr-only\">Read more about Sele\u00e7\u00e3o Bolsista FACEPE<\/span>[&hellip;]<\/a><\/p>\n","protected":false},"author":19,"featured_media":1896,"comment_status":"closed","ping_status":"closed","sticky":false,"template":"","format":"standard","meta":{"footnotes":""},"categories":[1],"tags":[],"class_list":["post-1899","post","type-post","status-publish","format-standard","has-post-thumbnail","hentry","category-prenovo"],"_links":{"self":[{"href":"https:\/\/eacc.univasf.edu.br\/index.php\/wp-json\/wp\/v2\/posts\/1899"}],"collection":[{"href":"https:\/\/eacc.univasf.edu.br\/index.php\/wp-json\/wp\/v2\/posts"}],"about":[{"href":"https:\/\/eacc.univasf.edu.br\/index.php\/wp-json\/wp\/v2\/types\/post"}],"author":[{"embeddable":true,"href":"https:\/\/eacc.univasf.edu.br\/index.php\/wp-json\/wp\/v2\/users\/19"}],"replies":[{"embeddable":true,"href":"https:\/\/eacc.univasf.edu.br\/index.php\/wp-json\/wp\/v2\/comments?post=1899"}],"version-history":[{"count":2,"href":"https:\/\/eacc.univasf.edu.br\/index.php\/wp-json\/wp\/v2\/posts\/1899\/revisions"}],"predecessor-version":[{"id":1901,"href":"https:\/\/eacc.univasf.edu.br\/index.php\/wp-json\/wp\/v2\/posts\/1899\/revisions\/1901"}],"wp:featuredmedia":[{"embeddable":true,"href":"https:\/\/eacc.univasf.edu.br\/index.php\/wp-json\/wp\/v2\/media\/1896"}],"wp:attachment":[{"href":"https:\/\/eacc.univasf.edu.br\/index.php\/wp-json\/wp\/v2\/media?parent=1899"}],"wp:term":[{"taxonomy":"category","embeddable":true,"href":"https:\/\/eacc.univasf.edu.br\/index.php\/wp-json\/wp\/v2\/categories?post=1899"},{"taxonomy":"post_tag","embeddable":true,"href":"https:\/\/eacc.univasf.edu.br\/index.php\/wp-json\/wp\/v2\/tags?post=1899"}],"curies":[{"name":"wp","href":"https:\/\/api.w.org\/{rel}","templated":true}]}}