{"id":1844,"date":"2025-07-09T16:42:14","date_gmt":"2025-07-09T19:42:14","guid":{"rendered":"https:\/\/eacc.univasf.edu.br\/?p=1844"},"modified":"2025-07-09T16:42:16","modified_gmt":"2025-07-09T19:42:16","slug":"resultado-da-fase-ii-entrevista-e-resultado-final-preliminar","status":"publish","type":"post","link":"https:\/\/eacc.univasf.edu.br\/index.php\/2025\/07\/09\/resultado-da-fase-ii-entrevista-e-resultado-final-preliminar\/","title":{"rendered":"RESULTADO DA FASE II \u2014 ENTREVISTA E RESULTADO FINAL PRELIMINAR"},"content":{"rendered":"\n<p>A Comiss\u00e3o de Busca para o cargo de Diretor(a) do Espa\u00e7o Arte, Ci\u00eancia e Cultura (EACC) da Universidade Federal do Vale do S\u00e3o Francisco (UNIVASF) do processo seletivo, conforme crit\u00e9rios estabelecidos no Edital n\u00ba 01\/2025 &#8211; Chamada p\u00fablica para preenchimento do cargo de Dire\u00e7\u00e3o do Espa\u00e7o Arte, Ci\u00eancia e Cultura (EACC), torna p\u00fablico:<\/p>\n\n\n\n<p><strong>Resultado da Fase II \u2014 Entrevista<\/strong><\/p>\n\n\n\n<p>As candidatas foram avaliadas em entrevista, com base no barema composto por seis itens, totalizando at\u00e9 100 pontos. Cada candidata foi avaliada pelos tr\u00eas avaliadores designados, sendo considerada a m\u00e9dia aritm\u00e9tica simples das notas atribu\u00eddas.<\/p>\n\n\n\n<p>Segue o resultado:<\/p>\n\n\n\n<p>Dra. Flora Romanelli Assump\u00e7\u00e3o \u2013 48,00 (n\u00e3o aprovada)<br>Dra. Patricia Avello Nicola \u2013 95,00 (aprovada)<\/p>\n\n\n\n<p><strong>Resultado Preliminar<\/strong><\/p>\n\n\n\n<p>Dra. Flora Romanelli Assump\u00e7\u00e3o &#8211; 73,00 + 48 = 121 (n\u00e3o aprovada)<br>Dra. Patricia Avello Nicola &#8211; 90,33+95 = 185,33 (aprovada)<\/p>\n\n\n\n<p>Fica aberto o prazo para interposi\u00e7\u00e3o de recurso administrativo quanto ao resultado da Fase II e ao Resultado Final Preliminar, no per\u00edodo de 09\/07\/2025 a 10\/07\/2025, conforme orienta\u00e7\u00f5es previstas no edital.<\/p>\n\n\n\n<p><a href=\"https:\/\/docs.google.com\/forms\/d\/e\/1FAIpQLSfxtmZ6uapZqz_jiL85ADi4vkikUbc8Rr1JZgcOSr8D8MzJog\/viewform\" data-type=\"link\" data-id=\"https:\/\/docs.google.com\/forms\/d\/e\/1FAIpQLSfxtmZ6uapZqz_jiL85ADi4vkikUbc8Rr1JZgcOSr8D8MzJog\/viewform\">Interposi\u00e7\u00e3o de Recurso<\/a><br><br>O resultado final definitivo ser\u00e1 divulgado no\u00a0dia\u00a011\/07\/2025<\/p>\n\n\n\n<p>Petrolina, 09 de julho de 2025.<\/p>\n\n\n\n<p>Comiss\u00e3o de Busca<br>Espa\u00e7o Arte, Ci\u00eancia e Cultura \u2013 EACC<br>Universidade Federal do Vale do S\u00e3o Francisco \u2013 UNIVASF<br><\/p>\n","protected":false},"excerpt":{"rendered":"<p>A Comiss\u00e3o de Busca para o cargo de Diretor(a) do Espa\u00e7o Arte, Ci\u00eancia e Cultura (EACC) da Universidade Federal do Vale do S\u00e3o Francisco (UNIVASF) do processo seletivo, conforme crit\u00e9rios estabelecidos no Edital n\u00ba 01\/2025 &#8211; Chamada p\u00fablica para preenchimento do cargo de Dire\u00e7\u00e3o do Espa\u00e7o Arte, Ci\u00eancia e Cultura (EACC), torna p\u00fablico: Resultado da <a href=\"https:\/\/eacc.univasf.edu.br\/index.php\/2025\/07\/09\/resultado-da-fase-ii-entrevista-e-resultado-final-preliminar\/\" rel=\"nofollow\"><span class=\"sr-only\">Read more about RESULTADO DA FASE II \u2014 ENTREVISTA E RESULTADO FINAL PRELIMINAR<\/span>[&hellip;]<\/a><\/p>\n","protected":false},"author":10,"featured_media":0,"comment_status":"closed","ping_status":"closed","sticky":false,"template":"","format":"standard","meta":{"footnotes":""},"categories":[1],"tags":[],"class_list":["post-1844","post","type-post","status-publish","format-standard","hentry","category-prenovo"],"_links":{"self":[{"href":"https:\/\/eacc.univasf.edu.br\/index.php\/wp-json\/wp\/v2\/posts\/1844"}],"collection":[{"href":"https:\/\/eacc.univasf.edu.br\/index.php\/wp-json\/wp\/v2\/posts"}],"about":[{"href":"https:\/\/eacc.univasf.edu.br\/index.php\/wp-json\/wp\/v2\/types\/post"}],"author":[{"embeddable":true,"href":"https:\/\/eacc.univasf.edu.br\/index.php\/wp-json\/wp\/v2\/users\/10"}],"replies":[{"embeddable":true,"href":"https:\/\/eacc.univasf.edu.br\/index.php\/wp-json\/wp\/v2\/comments?post=1844"}],"version-history":[{"count":1,"href":"https:\/\/eacc.univasf.edu.br\/index.php\/wp-json\/wp\/v2\/posts\/1844\/revisions"}],"predecessor-version":[{"id":1845,"href":"https:\/\/eacc.univasf.edu.br\/index.php\/wp-json\/wp\/v2\/posts\/1844\/revisions\/1845"}],"wp:attachment":[{"href":"https:\/\/eacc.univasf.edu.br\/index.php\/wp-json\/wp\/v2\/media?parent=1844"}],"wp:term":[{"taxonomy":"category","embeddable":true,"href":"https:\/\/eacc.univasf.edu.br\/index.php\/wp-json\/wp\/v2\/categories?post=1844"},{"taxonomy":"post_tag","embeddable":true,"href":"https:\/\/eacc.univasf.edu.br\/index.php\/wp-json\/wp\/v2\/tags?post=1844"}],"curies":[{"name":"wp","href":"https:\/\/api.w.org\/{rel}","templated":true}]}}