{"id":1840,"date":"2025-07-07T14:39:30","date_gmt":"2025-07-07T17:39:30","guid":{"rendered":"https:\/\/eacc.univasf.edu.br\/?p=1840"},"modified":"2025-07-07T14:39:31","modified_gmt":"2025-07-07T17:39:31","slug":"convocatoria-para-a-2a-fase-entrevista","status":"publish","type":"post","link":"https:\/\/eacc.univasf.edu.br\/index.php\/2025\/07\/07\/convocatoria-para-a-2a-fase-entrevista\/","title":{"rendered":"CONVOCAT\u00d3RIA PARA A 2\u00aa FASE \u2014 ENTREVISTA"},"content":{"rendered":"\n<p>A Comiss\u00e3o de Busca para o cargo de Diretor(a) do Espa\u00e7o Arte, Ci\u00eancia e Cultura (EACC) da Universidade Federal do Vale do S\u00e3o Francisco (UNIVASF) convoca as candidatas abaixo relacionadas para participarem da 2\u00aa fase do processo seletivo \u2014 Entrevista, conforme cronograma e hor\u00e1rios estabelecidos.<\/p>\n\n\n\n<p>As entrevistas ocorrer\u00e3o no dia 08 de julho de 2025 (ter\u00e7a-feira), por meio da plataforma Confer\u00eancia Web RNP, no link:<\/p>\n\n\n\n<p>\ud83d\udd17 https:\/\/conferenciaweb.rnp.br\/sala\/fase-entrevista<\/p>\n\n\n\n<p>Segue o cronograma:<\/p>\n\n\n\n<p>Hor\u00e1rio Candidata<br>14h00 &#8211; <strong>Flora Romanelli Assump\u00e7\u00e3o<\/strong><br>16h00 &#8211; <strong>Patricia Avello Nicola<\/strong><\/p>\n\n\n\n<p>Solicita-se \u00e0s candidatas que acessem a sala virtual com anteced\u00eancia m\u00ednima de 15 minutos, utilizando equipamento com c\u00e2mera e microfone em pleno funcionamento.<\/p>\n\n\n\n<p>A entrevista ser\u00e1 conduzida pela Comiss\u00e3o de Busca, conforme os crit\u00e9rios estabelecidos no Edital n\u00ba 01\/2025 \u2013 Chamada p\u00fablica para preenchimento do cargo de Dire\u00e7\u00e3o do Espa\u00e7o Arte, Ci\u00eancia e Cultura (EACC)<\/p>\n\n\n\n<p><br>Petrolina, 07 de julho de 2025.<\/p>\n\n\n\n<p>Comiss\u00e3o de Sele\u00e7\u00e3o<br>Espa\u00e7o Arte, Ci\u00eancia e Cultura \u2013 EACC<br>Universidade Federal do Vale do S\u00e3o Francisco&nbsp;\u2013&nbsp;UNIVASF<\/p>\n","protected":false},"excerpt":{"rendered":"<p>A Comiss\u00e3o de Busca para o cargo de Diretor(a) do Espa\u00e7o Arte, Ci\u00eancia e Cultura (EACC) da Universidade Federal do Vale do S\u00e3o Francisco (UNIVASF) convoca as candidatas abaixo relacionadas para participarem da 2\u00aa fase do processo seletivo \u2014 Entrevista, conforme cronograma e hor\u00e1rios estabelecidos. As entrevistas ocorrer\u00e3o no dia 08 de julho de 2025 <a href=\"https:\/\/eacc.univasf.edu.br\/index.php\/2025\/07\/07\/convocatoria-para-a-2a-fase-entrevista\/\" rel=\"nofollow\"><span class=\"sr-only\">Read more about CONVOCAT\u00d3RIA PARA A 2\u00aa FASE \u2014 ENTREVISTA<\/span>[&hellip;]<\/a><\/p>\n","protected":false},"author":10,"featured_media":0,"comment_status":"closed","ping_status":"closed","sticky":false,"template":"","format":"standard","meta":{"footnotes":""},"categories":[1],"tags":[],"class_list":["post-1840","post","type-post","status-publish","format-standard","hentry","category-prenovo"],"_links":{"self":[{"href":"https:\/\/eacc.univasf.edu.br\/index.php\/wp-json\/wp\/v2\/posts\/1840"}],"collection":[{"href":"https:\/\/eacc.univasf.edu.br\/index.php\/wp-json\/wp\/v2\/posts"}],"about":[{"href":"https:\/\/eacc.univasf.edu.br\/index.php\/wp-json\/wp\/v2\/types\/post"}],"author":[{"embeddable":true,"href":"https:\/\/eacc.univasf.edu.br\/index.php\/wp-json\/wp\/v2\/users\/10"}],"replies":[{"embeddable":true,"href":"https:\/\/eacc.univasf.edu.br\/index.php\/wp-json\/wp\/v2\/comments?post=1840"}],"version-history":[{"count":1,"href":"https:\/\/eacc.univasf.edu.br\/index.php\/wp-json\/wp\/v2\/posts\/1840\/revisions"}],"predecessor-version":[{"id":1841,"href":"https:\/\/eacc.univasf.edu.br\/index.php\/wp-json\/wp\/v2\/posts\/1840\/revisions\/1841"}],"wp:attachment":[{"href":"https:\/\/eacc.univasf.edu.br\/index.php\/wp-json\/wp\/v2\/media?parent=1840"}],"wp:term":[{"taxonomy":"category","embeddable":true,"href":"https:\/\/eacc.univasf.edu.br\/index.php\/wp-json\/wp\/v2\/categories?post=1840"},{"taxonomy":"post_tag","embeddable":true,"href":"https:\/\/eacc.univasf.edu.br\/index.php\/wp-json\/wp\/v2\/tags?post=1840"}],"curies":[{"name":"wp","href":"https:\/\/api.w.org\/{rel}","templated":true}]}}