{"id":1834,"date":"2025-07-04T13:19:50","date_gmt":"2025-07-04T16:19:50","guid":{"rendered":"https:\/\/eacc.univasf.edu.br\/?p=1834"},"modified":"2025-07-07T08:41:44","modified_gmt":"2025-07-07T11:41:44","slug":"resultado-da-fase-1-avaliacao-dos-planos-de-atividade","status":"publish","type":"post","link":"https:\/\/eacc.univasf.edu.br\/index.php\/2025\/07\/04\/resultado-da-fase-1-avaliacao-dos-planos-de-atividade\/","title":{"rendered":"RESULTADO DA FASE 1 \u2014 AVALIA\u00c7\u00c3O DOS PLANOS DE ATIVIDADE"},"content":{"rendered":"\n<p>A Comiss\u00e3o de Busca para o cargo de Diretor(a) do Espa\u00e7o Arte, Ci\u00eancia e Cultura (EACC) da Universidade Federal do Vale do S\u00e3o Francisco (UNIVASF) torna p\u00fablico o resultado da <strong>Fase 1 \u2014 Avalia\u00e7\u00e3o dos Planos de Atividade<\/strong>, referente ao processo seletivo regido pelo Edital n\u00ba 01\/2025 &#8211; Chamada p\u00fablica para preenchimento do cargo de Dire\u00e7\u00e3o do Espa\u00e7o Arte, Ci\u00eancia e Cultura (EACC), em Petrolina\/PE.<\/p>\n\n\n\n<p>Ap\u00f3s an\u00e1lise criteriosa dos Planos de Atividade apresentados pelas candidatas inscritas, realizada pelos avaliadores designados, as pontua\u00e7\u00f5es foram as seguintes:<\/p>\n\n\n\n<ul class=\"wp-block-list\">\n<li><strong>Dra. Flora Romanelli Assump\u00e7\u00e3o &#8211; 73,00<\/strong><\/li>\n\n\n\n<li><strong>Dra. Patricia Avello Nicola<\/strong> &#8211;<strong> 90,33<\/strong><\/li>\n<\/ul>\n\n\n\n<p><strong>Obs.:<\/strong> As notas atribu\u00eddas correspondem \u00e0 m\u00e9dia ponderada das avalia\u00e7\u00f5es realizadas pela banca, conforme os crit\u00e9rios definidos no edital.<\/p>\n\n\n\n<p>Conforme previsto, fica aberto o prazo para <strong>interposi\u00e7\u00e3o de recurso administrativo quanto ao resultado da Fase 1<\/strong>, no per\u00edodo de 04\/07\/2025 a 05\/07\/2025, devendo os recursos serem protocolados junto \u00e0 Comiss\u00e3o de Busca, no link abaixo conforme orienta\u00e7\u00f5es previamente divulgadas no edital.<\/p>\n\n\n\n<p><a href=\"https:\/\/forms.gle\/tm9JosNVMZWnJ93v9\">Interposi\u00e7\u00e3o de Recurso<\/a><\/p>\n\n\n\n<p>O <strong>resultado dos recursos administrativos<\/strong> ser\u00e1 publicado no dia 06\/07\/2025<\/p>\n\n\n\n<p><\/p>\n\n\n\n<p>Petrolina, 04 de julho de 2025.<\/p>\n\n\n\n<p><strong>Comiss\u00e3o de Busca<\/strong><br>Espa\u00e7o Arte, Ci\u00eancia e Cultura \u2013 EACC<br>Universidade Federal do Vale do S\u00e3o Francisco \u2013 UNIVASF<\/p>\n","protected":false},"excerpt":{"rendered":"<p>A Comiss\u00e3o de Busca para o cargo de Diretor(a) do Espa\u00e7o Arte, Ci\u00eancia e Cultura (EACC) da Universidade Federal do Vale do S\u00e3o Francisco (UNIVASF) torna p\u00fablico o resultado da Fase 1 \u2014 Avalia\u00e7\u00e3o dos Planos de Atividade, referente ao processo seletivo regido pelo Edital n\u00ba 01\/2025 &#8211; Chamada p\u00fablica para preenchimento do cargo de <a href=\"https:\/\/eacc.univasf.edu.br\/index.php\/2025\/07\/04\/resultado-da-fase-1-avaliacao-dos-planos-de-atividade\/\" rel=\"nofollow\"><span class=\"sr-only\">Read more about RESULTADO DA FASE 1 \u2014 AVALIA\u00c7\u00c3O DOS PLANOS DE ATIVIDADE<\/span>[&hellip;]<\/a><\/p>\n","protected":false},"author":10,"featured_media":1035,"comment_status":"closed","ping_status":"closed","sticky":false,"template":"","format":"standard","meta":{"footnotes":""},"categories":[1],"tags":[],"class_list":["post-1834","post","type-post","status-publish","format-standard","has-post-thumbnail","hentry","category-prenovo"],"_links":{"self":[{"href":"https:\/\/eacc.univasf.edu.br\/index.php\/wp-json\/wp\/v2\/posts\/1834"}],"collection":[{"href":"https:\/\/eacc.univasf.edu.br\/index.php\/wp-json\/wp\/v2\/posts"}],"about":[{"href":"https:\/\/eacc.univasf.edu.br\/index.php\/wp-json\/wp\/v2\/types\/post"}],"author":[{"embeddable":true,"href":"https:\/\/eacc.univasf.edu.br\/index.php\/wp-json\/wp\/v2\/users\/10"}],"replies":[{"embeddable":true,"href":"https:\/\/eacc.univasf.edu.br\/index.php\/wp-json\/wp\/v2\/comments?post=1834"}],"version-history":[{"count":1,"href":"https:\/\/eacc.univasf.edu.br\/index.php\/wp-json\/wp\/v2\/posts\/1834\/revisions"}],"predecessor-version":[{"id":1835,"href":"https:\/\/eacc.univasf.edu.br\/index.php\/wp-json\/wp\/v2\/posts\/1834\/revisions\/1835"}],"wp:featuredmedia":[{"embeddable":true,"href":"https:\/\/eacc.univasf.edu.br\/index.php\/wp-json\/wp\/v2\/media\/1035"}],"wp:attachment":[{"href":"https:\/\/eacc.univasf.edu.br\/index.php\/wp-json\/wp\/v2\/media?parent=1834"}],"wp:term":[{"taxonomy":"category","embeddable":true,"href":"https:\/\/eacc.univasf.edu.br\/index.php\/wp-json\/wp\/v2\/categories?post=1834"},{"taxonomy":"post_tag","embeddable":true,"href":"https:\/\/eacc.univasf.edu.br\/index.php\/wp-json\/wp\/v2\/tags?post=1834"}],"curies":[{"name":"wp","href":"https:\/\/api.w.org\/{rel}","templated":true}]}}