{"id":1832,"date":"2025-07-01T14:44:11","date_gmt":"2025-07-01T17:44:11","guid":{"rendered":"https:\/\/eacc.univasf.edu.br\/?p=1832"},"modified":"2025-07-07T08:40:55","modified_gmt":"2025-07-07T11:40:55","slug":"deferimento-de-inscricoes-e-designacao-de-avaliadores","status":"publish","type":"post","link":"https:\/\/eacc.univasf.edu.br\/index.php\/2025\/07\/01\/deferimento-de-inscricoes-e-designacao-de-avaliadores\/","title":{"rendered":"DEFERIMENTO DE INSCRI\u00c7\u00d5ES E DESIGNA\u00c7\u00c3O DE AVALIADORES"},"content":{"rendered":"\n<p>A Comiss\u00e3o de Busca para o cargo de Diretor(a) do Espa\u00e7o Arte, Ci\u00eancia e Cultura (EACC) da Universidade Federal do Vale do S\u00e3o Francisco (UNIVASF) torna p\u00fablica o deferimento das inscri\u00e7\u00f5es para o processo seletivo regido pelo edital de sele\u00e7\u00e3o EACC 01\/2025 &#8211; Chamada p\u00fablica para preenchimento do cargo de Dire\u00e7\u00e3o do Espa\u00e7o Arte, Ci\u00eancia e Cultura (EACC), em Petrolina\/PE.<\/p>\n\n\n\n<p>Ap\u00f3s an\u00e1lise da documenta\u00e7\u00e3o apresentada, foram <strong>deferidas as inscri\u00e7\u00f5es das seguintes candidatas<\/strong>:<\/p>\n\n\n\n<ul class=\"wp-block-list\">\n<li><strong>Dra. Flora Romanelli Assump\u00e7\u00e3o<\/strong><\/li>\n\n\n\n<li><strong>Dra. Patricia Avello Nicola<\/strong><\/li>\n<\/ul>\n\n\n\n<p>Conforme o cronograma estabelecido, fica aberto o prazo para <strong>interposi\u00e7\u00e3o de recurso administrativo quanto ao resultado das inscri\u00e7\u00f5es<\/strong>, no per\u00edodo de <strong>01\/07\/2025 a 02\/07\/2025<\/strong>, devendo os recursos serem protocolados junto \u00e0 Comiss\u00e3o de Busca, no link abaixo conforme orienta\u00e7\u00f5es previamente divulgadas no edital.<\/p>\n\n\n\n<p><a href=\"https:\/\/forms.gle\/tm9JosNVMZWnJ93v9\">Interposi\u00e7\u00e3o de Recurso<\/a><\/p>\n\n\n\n<p>O <strong>resultado dos recursos administrativos<\/strong> ser\u00e1 publicado no dia <strong>03\/07\/2025<\/strong>.<\/p>\n\n\n\n<p>Adicionalmente, a Comiss\u00e3o de Busca informa os nomes dos avaliadores respons\u00e1veis pela <strong>an\u00e1lise dos Planos de Trabalho<\/strong>, fase I do processo seletivo:<\/p>\n\n\n\n<ul class=\"wp-block-list\">\n<li>Prof. Dr. Antonio Carlos Pav\u00e3o (UFPE)<\/li>\n\n\n\n<li>Prof. Dr. Ricardo Jos\u00e9 Rocha Amorim (UNEB\/FACAPE)<\/li>\n\n\n\n<li>Prof. Dr. Milit\u00e3o Vieira Figueredo (UNIVASF)<\/li>\n<\/ul>\n\n\n\n<p>A avalia\u00e7\u00e3o seguir\u00e1 os crit\u00e9rios estabelecidos no edital vigente.<\/p>\n\n\n\n<p>Petrolina, 01 de julho de 2025.<\/p>\n\n\n\n<p><strong>Comiss\u00e3o de Busca<\/strong><br>Espa\u00e7o Arte, Ci\u00eancia e Cultura \u2013 EACC<br>Universidade Federal do Vale do S\u00e3o Francisco \u2013 UNIVASF<\/p>\n","protected":false},"excerpt":{"rendered":"<p>A Comiss\u00e3o de Busca para o cargo de Diretor(a) do Espa\u00e7o Arte, Ci\u00eancia e Cultura (EACC) da Universidade Federal do Vale do S\u00e3o Francisco (UNIVASF) torna p\u00fablica o deferimento das inscri\u00e7\u00f5es para o processo seletivo regido pelo edital de sele\u00e7\u00e3o EACC 01\/2025 &#8211; Chamada p\u00fablica para preenchimento do cargo de Dire\u00e7\u00e3o do Espa\u00e7o Arte, Ci\u00eancia <a href=\"https:\/\/eacc.univasf.edu.br\/index.php\/2025\/07\/01\/deferimento-de-inscricoes-e-designacao-de-avaliadores\/\" rel=\"nofollow\"><span class=\"sr-only\">Read more about DEFERIMENTO DE INSCRI\u00c7\u00d5ES E DESIGNA\u00c7\u00c3O DE AVALIADORES<\/span>[&hellip;]<\/a><\/p>\n","protected":false},"author":10,"featured_media":1035,"comment_status":"closed","ping_status":"closed","sticky":false,"template":"","format":"standard","meta":{"footnotes":""},"categories":[1],"tags":[],"class_list":["post-1832","post","type-post","status-publish","format-standard","has-post-thumbnail","hentry","category-prenovo"],"_links":{"self":[{"href":"https:\/\/eacc.univasf.edu.br\/index.php\/wp-json\/wp\/v2\/posts\/1832"}],"collection":[{"href":"https:\/\/eacc.univasf.edu.br\/index.php\/wp-json\/wp\/v2\/posts"}],"about":[{"href":"https:\/\/eacc.univasf.edu.br\/index.php\/wp-json\/wp\/v2\/types\/post"}],"author":[{"embeddable":true,"href":"https:\/\/eacc.univasf.edu.br\/index.php\/wp-json\/wp\/v2\/users\/10"}],"replies":[{"embeddable":true,"href":"https:\/\/eacc.univasf.edu.br\/index.php\/wp-json\/wp\/v2\/comments?post=1832"}],"version-history":[{"count":1,"href":"https:\/\/eacc.univasf.edu.br\/index.php\/wp-json\/wp\/v2\/posts\/1832\/revisions"}],"predecessor-version":[{"id":1833,"href":"https:\/\/eacc.univasf.edu.br\/index.php\/wp-json\/wp\/v2\/posts\/1832\/revisions\/1833"}],"wp:featuredmedia":[{"embeddable":true,"href":"https:\/\/eacc.univasf.edu.br\/index.php\/wp-json\/wp\/v2\/media\/1035"}],"wp:attachment":[{"href":"https:\/\/eacc.univasf.edu.br\/index.php\/wp-json\/wp\/v2\/media?parent=1832"}],"wp:term":[{"taxonomy":"category","embeddable":true,"href":"https:\/\/eacc.univasf.edu.br\/index.php\/wp-json\/wp\/v2\/categories?post=1832"},{"taxonomy":"post_tag","embeddable":true,"href":"https:\/\/eacc.univasf.edu.br\/index.php\/wp-json\/wp\/v2\/tags?post=1832"}],"curies":[{"name":"wp","href":"https:\/\/api.w.org\/{rel}","templated":true}]}}