{"id":1551,"date":"2024-04-16T09:00:12","date_gmt":"2024-04-16T12:00:12","guid":{"rendered":"http:\/\/www.eacc.univasf.edu.br\/site\/?p=1551"},"modified":"2024-04-29T09:34:36","modified_gmt":"2024-04-29T12:34:36","slug":"primeiro-atendimento-no-eacc-orla","status":"publish","type":"post","link":"https:\/\/eacc.univasf.edu.br\/index.php\/2024\/04\/16\/primeiro-atendimento-no-eacc-orla\/","title":{"rendered":"Primeiro atendimento no EACC Orla"},"content":{"rendered":"<p>Com imensa alegria realizamos nosso primeiro atendimento na nossa nova casa, de volta \u00e0 Orla de Petrolina!<\/p>\n<p>Recebemos alunos e professores do 9\u00ba ano da Escola Poeta Jos\u00e9 Raulino Sampaio para uma visita cheia de ci\u00eancias de forma l\u00fadica e interativa.<\/p>\n<p>Aperta o play e confere um pouco de como foi essa manh\u00e3 especial, na reportagem da TV Caatinga.<\/p>\n<div style=\"width: 640px;\" class=\"wp-video\"><!--[if lt IE 9]><script>document.createElement('video');<\/script><![endif]-->\n<video class=\"wp-video-shortcode\" id=\"video-1551-1\" width=\"640\" height=\"360\" preload=\"metadata\" controls=\"controls\"><source type=\"video\/mp4\" src=\"http:\/\/www.eacc.univasf.edu.br\/site\/wp-content\/uploads\/2024\/04\/Espa\u00e7o-arte-ci\u00eancia-e-cultura-inaugura-novas-instala\u00e7\u00f5es_primeiro-atendimento-EACC-orla.mp4?_=1\" \/><a href=\"http:\/\/www.eacc.univasf.edu.br\/site\/wp-content\/uploads\/2024\/04\/Espa\u00e7o-arte-ci\u00eancia-e-cultura-inaugura-novas-instala\u00e7\u00f5es_primeiro-atendimento-EACC-orla.mp4\">http:\/\/www.eacc.univasf.edu.br\/site\/wp-content\/uploads\/2024\/04\/Espa\u00e7o-arte-ci\u00eancia-e-cultura-inaugura-novas-instala\u00e7\u00f5es_primeiro-atendimento-EACC-orla.mp4<\/a><\/video><\/div>\n","protected":false},"excerpt":{"rendered":"<p>Com imensa alegria realizamos nosso primeiro atendimento na nossa nova casa, de volta \u00e0 Orla de Petrolina! Recebemos alunos e professores do 9\u00ba ano da Escola Poeta Jos\u00e9 Raulino Sampaio para uma visita cheia de ci\u00eancias de forma l\u00fadica e interativa. Aperta o play e confere um pouco de como foi essa manh\u00e3 especial, na <a href=\"https:\/\/eacc.univasf.edu.br\/index.php\/2024\/04\/16\/primeiro-atendimento-no-eacc-orla\/\" rel=\"nofollow\"><span class=\"sr-only\">Read more about Primeiro atendimento no EACC Orla<\/span>[&hellip;]<\/a><\/p>\n","protected":false},"author":19,"featured_media":1555,"comment_status":"closed","ping_status":"closed","sticky":false,"template":"","format":"standard","meta":{"footnotes":""},"categories":[1],"tags":[],"class_list":["post-1551","post","type-post","status-publish","format-standard","has-post-thumbnail","hentry","category-prenovo"],"_links":{"self":[{"href":"https:\/\/eacc.univasf.edu.br\/index.php\/wp-json\/wp\/v2\/posts\/1551"}],"collection":[{"href":"https:\/\/eacc.univasf.edu.br\/index.php\/wp-json\/wp\/v2\/posts"}],"about":[{"href":"https:\/\/eacc.univasf.edu.br\/index.php\/wp-json\/wp\/v2\/types\/post"}],"author":[{"embeddable":true,"href":"https:\/\/eacc.univasf.edu.br\/index.php\/wp-json\/wp\/v2\/users\/19"}],"replies":[{"embeddable":true,"href":"https:\/\/eacc.univasf.edu.br\/index.php\/wp-json\/wp\/v2\/comments?post=1551"}],"version-history":[{"count":2,"href":"https:\/\/eacc.univasf.edu.br\/index.php\/wp-json\/wp\/v2\/posts\/1551\/revisions"}],"predecessor-version":[{"id":1554,"href":"https:\/\/eacc.univasf.edu.br\/index.php\/wp-json\/wp\/v2\/posts\/1551\/revisions\/1554"}],"wp:featuredmedia":[{"embeddable":true,"href":"https:\/\/eacc.univasf.edu.br\/index.php\/wp-json\/wp\/v2\/media\/1555"}],"wp:attachment":[{"href":"https:\/\/eacc.univasf.edu.br\/index.php\/wp-json\/wp\/v2\/media?parent=1551"}],"wp:term":[{"taxonomy":"category","embeddable":true,"href":"https:\/\/eacc.univasf.edu.br\/index.php\/wp-json\/wp\/v2\/categories?post=1551"},{"taxonomy":"post_tag","embeddable":true,"href":"https:\/\/eacc.univasf.edu.br\/index.php\/wp-json\/wp\/v2\/tags?post=1551"}],"curies":[{"name":"wp","href":"https:\/\/api.w.org\/{rel}","templated":true}]}}