{"id":1502,"date":"2024-02-15T12:39:55","date_gmt":"2024-02-15T15:39:55","guid":{"rendered":"http:\/\/www.eacc.univasf.edu.br\/site\/?p=1502"},"modified":"2024-02-15T12:39:55","modified_gmt":"2024-02-15T15:39:55","slug":"divulgacao-do-edital-pibex-eacc-proex-no-01-2024","status":"publish","type":"post","link":"https:\/\/eacc.univasf.edu.br\/index.php\/2024\/02\/15\/divulgacao-do-edital-pibex-eacc-proex-no-01-2024\/","title":{"rendered":"Divulga\u00e7\u00e3o do Edital PIBEX\/EACC\/PROEX N\u00ba 01\/2024"},"content":{"rendered":"<p><span style=\"vertical-align: inherit;\"><span style=\"vertical-align: inherit;\">O Espa\u00e7o Arte, Ci\u00eancia e Cultura (EACC), vinculado \u00e0 Pr\u00f3-Reitoria de Extens\u00e3o (PROEX) e no uso de suas atribui\u00e7\u00f5es legais (RESOLU\u00c7\u00c3O CONUNI N\u00b014\/2025), torna p\u00fablico o Edital de sele\u00e7\u00e3o do Programa Institucional de Bolsas de Extens\u00e3o da Univasf para projetos relacionados ao EACC.<\/span><\/span><\/p>\n<p><span style=\"vertical-align: inherit;\"><span style=\"vertical-align: inherit;\">Per\u00edodo de Inscri\u00e7\u00f5es de <\/span><\/span><strong><span style=\"vertical-align: inherit;\"><span style=\"vertical-align: inherit;\">16\/02\/2024 a 16\/03\/2023<\/span><\/span><\/strong><span style=\"vertical-align: inherit;\"><span style=\"vertical-align: inherit;\">, por meio do formul\u00e1rio eletr\u00f4nico <a href=\"https:\/\/forms.gle\/ignYG8aWNXfS8b5b7\">https:\/\/forms.gle\/ignYG8aWNXfS8b5b7<\/a><\/span><\/span><\/p>\n<p><span style=\"vertical-align: inherit;\"><span style=\"vertical-align: inherit;\">Para maiores informa\u00e7\u00f5es, consulte o\u00a0<\/span><\/span><a href=\"https:\/\/drive.google.com\/file\/d\/1N1FqxRkxlSJ3tfR0hGYIj5CG08OSFOnb\/view?usp=drivesdk\"><span style=\"vertical-align: inherit;\"><span style=\"vertical-align: inherit;\">EDITAL PIBEX\/EACC\/<\/span><\/span><span style=\"vertical-align: inherit;\"><span style=\"vertical-align: inherit;\">PROEX N\u00ba 01\/2024<\/span><\/span><\/a><span style=\"vertical-align: inherit;\"><span style=\"vertical-align: inherit;\"> .<\/span><\/span><\/p>\n<h3 class=\"LC20lb MBeuO DKV0Md\"><span style=\"vertical-align: inherit;\"><span style=\"vertical-align: inherit;\">\u26a0\ufe0f Aten\u00e7\u00e3o!<\/span><\/span><\/h3>\n<p><span style=\"vertical-align: inherit;\"><span style=\"vertical-align: inherit;\">Para fazer o download dos anexos pelo <\/span><\/span><em><span style=\"vertical-align: inherit;\"><span style=\"vertical-align: inherit;\">\u00a0Google Drive<\/span><\/span><\/em><span style=\"vertical-align: inherit;\"><span style=\"vertical-align: inherit;\"> , n\u00e3o \u00e9 necess\u00e1rio ter permiss\u00e3o de editor. <\/span><span style=\"vertical-align: inherit;\">Basta clicar sobre o arquivo desejado e, em seguida, clicar no bot\u00e3o &#8221; <\/span><\/span><em><span style=\"vertical-align: inherit;\"><span style=\"vertical-align: inherit;\">Download<\/span><\/span><\/em><span style=\"vertical-align: inherit;\"><span style=\"vertical-align: inherit;\"> &#8220;. <\/span><span style=\"vertical-align: inherit;\">Para facilitar o acesso aos anexos, os arquivos est\u00e3o disponibilizados logo abaixo.<\/span><\/span><\/p>\n<p>&nbsp;<\/p>\n<p><strong><span style=\"vertical-align: inherit;\"><span style=\"vertical-align: inherit;\">\u00a0 \u00a0 \u00a0 \u00a0 \u00a0 \u00a0 \u00a0 \u00a0 \u00a0 \u00a0 \u00a0 \u00a0 \u00a0 \u00a0 \u00a0 \u00a0 \u00a0 \u00a0 \u00a0 \u00a0 \u00a0 \u00a0 \u00a0 \u00a0 \u00a0 \u00a0 \u00a0 \u00a0 \u00a0 \u00a0 \u00a0 \u00a0 \u00a0 \u00a0 \u00a0 \u00a0 \u00a0 \u00a0 \u00a0 \u00a0 \u00a0 \u00a0 \u00a0 \u00a0ANEXOS\u00a0<\/span><\/span><\/strong><\/p>\n<p>&nbsp;<\/p>\n<ul>\n<li><a class=\"internal-link\" title=\"\" href=\"https:\/\/drive.google.com\/file\/d\/1XYSrjGJ14jnbAX8wyuWBtM7XGo7hK1cq\/view?usp=drivesdk\" target=\"_self\"><span style=\"vertical-align: inherit;\"><span style=\"vertical-align: inherit;\">Anexo 01 &#8211; Cronograma<\/span><\/span><\/a><\/li>\n<li><a class=\"internal-link\" title=\"\" href=\"https:\/\/drive.google.com\/file\/d\/1Cr2jKmmGFrWf-CQVbIEPR9KegBzKl68Y\/view?usp=drivesdk\" target=\"_self\"><span style=\"vertical-align: inherit;\"><span style=\"vertical-align: inherit;\">Anexo 02 &#8211; Modelo de Projeto de Extens\u00e3o<\/span><\/span><\/a><\/li>\n<li><a class=\"internal-link\" title=\"\" href=\"https:\/\/drive.google.com\/file\/d\/1SZ8RRXFLkJj0j7do9h53l0_OFjoQQ-pM\/view?usp=drivesdk\" target=\"_self\"><span style=\"vertical-align: inherit;\"><span style=\"vertical-align: inherit;\">Anexo 03 &#8211; Modelo de Carta de Anu\u00eancia<\/span><\/span><\/a><\/li>\n<li><a class=\"internal-link\" title=\"\" href=\"https:\/\/drive.google.com\/file\/d\/1opzzdlJyCmjEZVHpNN8v7nlF6gIntjx9\/view?usp=drivesdk\" target=\"_self\"><span style=\"vertical-align: inherit;\"><span style=\"vertical-align: inherit;\">Anexo 05 &#8211; Modelo de Recurso<\/span><\/span><\/a><\/li>\n<li><a class=\"internal-link\" title=\"\" href=\"https:\/\/drive.google.com\/file\/d\/1WJ6DrN5ipeExNYwS4GfnYI_dpB2R8CEG\/view?usp=drivesdk\" target=\"_self\"><span style=\"vertical-align: inherit;\"><span style=\"vertical-align: inherit;\">Anexo 06 &#8211; Termo de Compromisso Coordenador (a)<\/span><\/span><\/a><\/li>\n<li><a class=\"internal-link\" title=\"\" href=\"https:\/\/drive.google.com\/file\/d\/1ZyjKbo90TRlulfaU6DdUFl3NTGmwxibc\/view?usp=drivesdk\" target=\"_self\"><span style=\"vertical-align: inherit;\"><span style=\"vertical-align: inherit;\">Anexo 07 &#8211; Termo de Compromisso Bolsista e Volunt\u00e1rio<\/span><\/span><\/a><\/li>\n<li class=\"last-item\"><a class=\"internal-link\" title=\"\" href=\"https:\/\/drive.google.com\/file\/d\/12H_WqbpvZrxELnJa6prPWlojdiU_iw0d\/view?usp=drivesdk\" target=\"_self\"><span style=\"vertical-align: inherit;\"><span style=\"vertical-align: inherit;\">Anexo 08 &#8211; Modelo de Relat\u00f3rio Final<\/span><\/span><\/a><\/li>\n<\/ul>\n<p>&nbsp;<\/p>\n","protected":false},"excerpt":{"rendered":"<p>O Espa\u00e7o Arte, Ci\u00eancia e Cultura (EACC), vinculado \u00e0 Pr\u00f3-Reitoria de Extens\u00e3o (PROEX) e no uso de suas atribui\u00e7\u00f5es legais (RESOLU\u00c7\u00c3O CONUNI N\u00b014\/2025), torna p\u00fablico o Edital de sele\u00e7\u00e3o do Programa Institucional de Bolsas de Extens\u00e3o da Univasf para projetos relacionados ao EACC. Per\u00edodo de Inscri\u00e7\u00f5es de 16\/02\/2024 a 16\/03\/2023, por meio do formul\u00e1rio eletr\u00f4nico <a href=\"https:\/\/eacc.univasf.edu.br\/index.php\/2024\/02\/15\/divulgacao-do-edital-pibex-eacc-proex-no-01-2024\/\" rel=\"nofollow\"><span class=\"sr-only\">Read more about Divulga\u00e7\u00e3o do Edital PIBEX\/EACC\/PROEX N\u00ba 01\/2024<\/span>[&hellip;]<\/a><\/p>\n","protected":false},"author":10,"featured_media":0,"comment_status":"closed","ping_status":"closed","sticky":false,"template":"","format":"standard","meta":{"footnotes":""},"categories":[1],"tags":[],"class_list":["post-1502","post","type-post","status-publish","format-standard","hentry","category-prenovo"],"_links":{"self":[{"href":"https:\/\/eacc.univasf.edu.br\/index.php\/wp-json\/wp\/v2\/posts\/1502"}],"collection":[{"href":"https:\/\/eacc.univasf.edu.br\/index.php\/wp-json\/wp\/v2\/posts"}],"about":[{"href":"https:\/\/eacc.univasf.edu.br\/index.php\/wp-json\/wp\/v2\/types\/post"}],"author":[{"embeddable":true,"href":"https:\/\/eacc.univasf.edu.br\/index.php\/wp-json\/wp\/v2\/users\/10"}],"replies":[{"embeddable":true,"href":"https:\/\/eacc.univasf.edu.br\/index.php\/wp-json\/wp\/v2\/comments?post=1502"}],"version-history":[{"count":4,"href":"https:\/\/eacc.univasf.edu.br\/index.php\/wp-json\/wp\/v2\/posts\/1502\/revisions"}],"predecessor-version":[{"id":1506,"href":"https:\/\/eacc.univasf.edu.br\/index.php\/wp-json\/wp\/v2\/posts\/1502\/revisions\/1506"}],"wp:attachment":[{"href":"https:\/\/eacc.univasf.edu.br\/index.php\/wp-json\/wp\/v2\/media?parent=1502"}],"wp:term":[{"taxonomy":"category","embeddable":true,"href":"https:\/\/eacc.univasf.edu.br\/index.php\/wp-json\/wp\/v2\/categories?post=1502"},{"taxonomy":"post_tag","embeddable":true,"href":"https:\/\/eacc.univasf.edu.br\/index.php\/wp-json\/wp\/v2\/tags?post=1502"}],"curies":[{"name":"wp","href":"https:\/\/api.w.org\/{rel}","templated":true}]}}