{"id":1476,"date":"2023-11-16T17:01:00","date_gmt":"2023-11-16T20:01:00","guid":{"rendered":"http:\/\/www.eacc.univasf.edu.br\/site\/?p=1476"},"modified":"2023-11-20T10:04:29","modified_gmt":"2023-11-20T13:04:29","slug":"plantio-de-mudas-na-instalacao-bosque-da-caatinga-eacc-orla","status":"publish","type":"post","link":"https:\/\/eacc.univasf.edu.br\/index.php\/2023\/11\/16\/plantio-de-mudas-na-instalacao-bosque-da-caatinga-eacc-orla\/","title":{"rendered":"Plantio de mudas na instala\u00e7\u00e3o Bosque da Caatinga &#8211; EACC orla"},"content":{"rendered":"<p>Na quinta-feira, dia 16 de novembro, tivemos a primeira a\u00e7\u00e3o de plantio de mudas na Instala\u00e7\u00e3o Bosque da Caatinga, situada na futura sede do EACC, na orla de Petrolina.<\/p>\n<p>O bosque contar\u00e1 com diversas esp\u00e9cies nativas da Caatinga e intenciona mostrar as diferente forma\u00e7\u00f5es deste Bioma.<\/p>\n<p>Quer saber como foi? Clica no link abaixo e confere a reportagem!<\/p>\n<p><a href=\"https:\/\/portais.univasf.edu.br\/noticias\/plantio-de-mudas-marca-lancamento-do-bosque-da-caatinga-no-novo-predio-do-espaco-arte-ciencia-e-cultura-eacc-da-univasf\">https:\/\/portais.univasf.edu.br\/noticias\/plantio-de-mudas-marca-lancamento-do-bosque-da-caatinga-no-novo-predio-do-espaco-arte-ciencia-e-cultura-eacc-da-univasf<\/a><\/p>\n","protected":false},"excerpt":{"rendered":"<p>Na quinta-feira, dia 16 de novembro, tivemos a primeira a\u00e7\u00e3o de plantio de mudas na Instala\u00e7\u00e3o Bosque da Caatinga, situada na futura sede do EACC, na orla de Petrolina. O bosque contar\u00e1 com diversas esp\u00e9cies nativas da Caatinga e intenciona mostrar as diferente forma\u00e7\u00f5es deste Bioma. Quer saber como foi? Clica no link abaixo e <a href=\"https:\/\/eacc.univasf.edu.br\/index.php\/2023\/11\/16\/plantio-de-mudas-na-instalacao-bosque-da-caatinga-eacc-orla\/\" rel=\"nofollow\"><span class=\"sr-only\">Read more about Plantio de mudas na instala\u00e7\u00e3o Bosque da Caatinga &#8211; EACC orla<\/span>[&hellip;]<\/a><\/p>\n","protected":false},"author":19,"featured_media":1477,"comment_status":"closed","ping_status":"closed","sticky":false,"template":"","format":"standard","meta":{"footnotes":""},"categories":[7,11,10,1],"tags":[],"class_list":["post-1476","post","type-post","status-publish","format-standard","has-post-thumbnail","hentry","category-educacional","category-event","category-exposicao","category-prenovo"],"_links":{"self":[{"href":"https:\/\/eacc.univasf.edu.br\/index.php\/wp-json\/wp\/v2\/posts\/1476"}],"collection":[{"href":"https:\/\/eacc.univasf.edu.br\/index.php\/wp-json\/wp\/v2\/posts"}],"about":[{"href":"https:\/\/eacc.univasf.edu.br\/index.php\/wp-json\/wp\/v2\/types\/post"}],"author":[{"embeddable":true,"href":"https:\/\/eacc.univasf.edu.br\/index.php\/wp-json\/wp\/v2\/users\/19"}],"replies":[{"embeddable":true,"href":"https:\/\/eacc.univasf.edu.br\/index.php\/wp-json\/wp\/v2\/comments?post=1476"}],"version-history":[{"count":1,"href":"https:\/\/eacc.univasf.edu.br\/index.php\/wp-json\/wp\/v2\/posts\/1476\/revisions"}],"predecessor-version":[{"id":1478,"href":"https:\/\/eacc.univasf.edu.br\/index.php\/wp-json\/wp\/v2\/posts\/1476\/revisions\/1478"}],"wp:featuredmedia":[{"embeddable":true,"href":"https:\/\/eacc.univasf.edu.br\/index.php\/wp-json\/wp\/v2\/media\/1477"}],"wp:attachment":[{"href":"https:\/\/eacc.univasf.edu.br\/index.php\/wp-json\/wp\/v2\/media?parent=1476"}],"wp:term":[{"taxonomy":"category","embeddable":true,"href":"https:\/\/eacc.univasf.edu.br\/index.php\/wp-json\/wp\/v2\/categories?post=1476"},{"taxonomy":"post_tag","embeddable":true,"href":"https:\/\/eacc.univasf.edu.br\/index.php\/wp-json\/wp\/v2\/tags?post=1476"}],"curies":[{"name":"wp","href":"https:\/\/api.w.org\/{rel}","templated":true}]}}