{"id":1429,"date":"2023-07-31T08:49:56","date_gmt":"2023-07-31T11:49:56","guid":{"rendered":"http:\/\/www.eacc.univasf.edu.br\/site\/?p=1429"},"modified":"2023-08-03T09:14:43","modified_gmt":"2023-08-03T12:14:43","slug":"eacc-vai-a-escola","status":"publish","type":"post","link":"https:\/\/eacc.univasf.edu.br\/index.php\/2023\/07\/31\/eacc-vai-a-escola\/","title":{"rendered":"EACC vai \u00e0 escola"},"content":{"rendered":"<p>Novidade na \u00e1rea! At\u00e9 o final do ano, durante uma semana por m\u00eas*, o EACC vai levar um pouco do espa\u00e7o at\u00e9 \u00e0s escolas! ?<br \/>\nA primeira semana j\u00e1 vai ser a pr\u00f3xima!! ??\u200d\u2642\ufe0f<br \/>\nConfere como chamar nossa equipe para ir at\u00e9 voc\u00ea no <a href=\"https:\/\/calendly.com\/eacc_na_escola\/30min\">link<\/a>.<\/p>\n<p>* menos outubro, pois teremos nossa super feira Chico Ci\u00eancia, junto com a SNCT!<\/p>\n","protected":false},"excerpt":{"rendered":"<p>Novidade na \u00e1rea! At\u00e9 o final do ano, durante uma semana por m\u00eas*, o EACC vai levar um pouco do espa\u00e7o at\u00e9 \u00e0s escolas! ? A primeira semana j\u00e1 vai ser a pr\u00f3xima!! ??\u200d\u2642\ufe0f Confere como chamar nossa equipe para ir at\u00e9 voc\u00ea no link. * menos outubro, pois teremos nossa super feira Chico Ci\u00eancia, <a href=\"https:\/\/eacc.univasf.edu.br\/index.php\/2023\/07\/31\/eacc-vai-a-escola\/\" rel=\"nofollow\"><span class=\"sr-only\">Read more about EACC vai \u00e0 escola<\/span>[&hellip;]<\/a><\/p>\n","protected":false},"author":19,"featured_media":1430,"comment_status":"closed","ping_status":"closed","sticky":false,"template":"","format":"standard","meta":{"footnotes":""},"categories":[7,11],"tags":[],"class_list":["post-1429","post","type-post","status-publish","format-standard","has-post-thumbnail","hentry","category-educacional","category-event"],"_links":{"self":[{"href":"https:\/\/eacc.univasf.edu.br\/index.php\/wp-json\/wp\/v2\/posts\/1429"}],"collection":[{"href":"https:\/\/eacc.univasf.edu.br\/index.php\/wp-json\/wp\/v2\/posts"}],"about":[{"href":"https:\/\/eacc.univasf.edu.br\/index.php\/wp-json\/wp\/v2\/types\/post"}],"author":[{"embeddable":true,"href":"https:\/\/eacc.univasf.edu.br\/index.php\/wp-json\/wp\/v2\/users\/19"}],"replies":[{"embeddable":true,"href":"https:\/\/eacc.univasf.edu.br\/index.php\/wp-json\/wp\/v2\/comments?post=1429"}],"version-history":[{"count":1,"href":"https:\/\/eacc.univasf.edu.br\/index.php\/wp-json\/wp\/v2\/posts\/1429\/revisions"}],"predecessor-version":[{"id":1431,"href":"https:\/\/eacc.univasf.edu.br\/index.php\/wp-json\/wp\/v2\/posts\/1429\/revisions\/1431"}],"wp:featuredmedia":[{"embeddable":true,"href":"https:\/\/eacc.univasf.edu.br\/index.php\/wp-json\/wp\/v2\/media\/1430"}],"wp:attachment":[{"href":"https:\/\/eacc.univasf.edu.br\/index.php\/wp-json\/wp\/v2\/media?parent=1429"}],"wp:term":[{"taxonomy":"category","embeddable":true,"href":"https:\/\/eacc.univasf.edu.br\/index.php\/wp-json\/wp\/v2\/categories?post=1429"},{"taxonomy":"post_tag","embeddable":true,"href":"https:\/\/eacc.univasf.edu.br\/index.php\/wp-json\/wp\/v2\/tags?post=1429"}],"curies":[{"name":"wp","href":"https:\/\/api.w.org\/{rel}","templated":true}]}}