{"id":1347,"date":"2022-10-12T11:00:47","date_gmt":"2022-10-12T14:00:47","guid":{"rendered":"http:\/\/www.eacc.univasf.edu.br\/site\/?p=1347"},"modified":"2023-03-17T11:06:11","modified_gmt":"2023-03-17T14:06:11","slug":"reportagem-sobre-o-dia-das-criancas-no-espaco-plural","status":"publish","type":"post","link":"https:\/\/eacc.univasf.edu.br\/index.php\/2022\/10\/12\/reportagem-sobre-o-dia-das-criancas-no-espaco-plural\/","title":{"rendered":"Reportagem sobre o Dia das Crian\u00e7as no Espa\u00e7o Plural"},"content":{"rendered":"<p>Nossa participa\u00e7\u00e3o na Semana do livro e da biblioteca no dia das crian\u00e7as!<\/p>\n<p><iframe loading=\"lazy\" title=\"Crian\u00e7as participam da semana do livro e da biblioteca\" width=\"640\" height=\"360\" src=\"https:\/\/www.youtube.com\/embed\/slFPbTHX3kI?feature=oembed\" frameborder=\"0\" allow=\"accelerometer; autoplay; clipboard-write; encrypted-media; gyroscope; picture-in-picture; web-share\" referrerpolicy=\"strict-origin-when-cross-origin\" allowfullscreen><\/iframe><\/p>\n","protected":false},"excerpt":{"rendered":"<p>Nossa participa\u00e7\u00e3o na Semana do livro e da biblioteca no dia das crian\u00e7as!<\/p>\n","protected":false},"author":19,"featured_media":1355,"comment_status":"closed","ping_status":"closed","sticky":false,"template":"","format":"video","meta":{"footnotes":""},"categories":[7,11,10],"tags":[],"class_list":["post-1347","post","type-post","status-publish","format-video","has-post-thumbnail","hentry","category-educacional","category-event","category-exposicao","post_format-post-format-video"],"_links":{"self":[{"href":"https:\/\/eacc.univasf.edu.br\/index.php\/wp-json\/wp\/v2\/posts\/1347"}],"collection":[{"href":"https:\/\/eacc.univasf.edu.br\/index.php\/wp-json\/wp\/v2\/posts"}],"about":[{"href":"https:\/\/eacc.univasf.edu.br\/index.php\/wp-json\/wp\/v2\/types\/post"}],"author":[{"embeddable":true,"href":"https:\/\/eacc.univasf.edu.br\/index.php\/wp-json\/wp\/v2\/users\/19"}],"replies":[{"embeddable":true,"href":"https:\/\/eacc.univasf.edu.br\/index.php\/wp-json\/wp\/v2\/comments?post=1347"}],"version-history":[{"count":3,"href":"https:\/\/eacc.univasf.edu.br\/index.php\/wp-json\/wp\/v2\/posts\/1347\/revisions"}],"predecessor-version":[{"id":1353,"href":"https:\/\/eacc.univasf.edu.br\/index.php\/wp-json\/wp\/v2\/posts\/1347\/revisions\/1353"}],"wp:featuredmedia":[{"embeddable":true,"href":"https:\/\/eacc.univasf.edu.br\/index.php\/wp-json\/wp\/v2\/media\/1355"}],"wp:attachment":[{"href":"https:\/\/eacc.univasf.edu.br\/index.php\/wp-json\/wp\/v2\/media?parent=1347"}],"wp:term":[{"taxonomy":"category","embeddable":true,"href":"https:\/\/eacc.univasf.edu.br\/index.php\/wp-json\/wp\/v2\/categories?post=1347"},{"taxonomy":"post_tag","embeddable":true,"href":"https:\/\/eacc.univasf.edu.br\/index.php\/wp-json\/wp\/v2\/tags?post=1347"}],"curies":[{"name":"wp","href":"https:\/\/api.w.org\/{rel}","templated":true}]}}