{"id":1317,"date":"2023-03-07T10:26:22","date_gmt":"2023-03-07T13:26:22","guid":{"rendered":"http:\/\/www.eacc.univasf.edu.br\/site\/?p=1317"},"modified":"2023-03-17T10:19:18","modified_gmt":"2023-03-17T13:19:18","slug":"snct-eacc-bicentenario-da-independencia","status":"publish","type":"post","link":"https:\/\/eacc.univasf.edu.br\/index.php\/2023\/03\/07\/snct-eacc-bicentenario-da-independencia\/","title":{"rendered":"SNCT EACC &#8211; Bicenten\u00e1rio da Independ\u00eancia"},"content":{"rendered":"<p>A Semana Nacional de Ci\u00eancia e Tecnologia ter\u00e1 como tema o Bicenten\u00e1rio da Independ\u00eancia &#8211; 200 anos de Ci\u00eancia, Tecnologia e Inova\u00e7\u00e3o no Brasil. Nosso projeto tem como t\u00edtulo &#8220;Quem, Onde, Para Qu\u00ea e Para Quem Se Faz Ci\u00eancia no Brasil?&#8221;.<\/p>\n<p>O evento ser\u00e1 realizado na \u00e1rea de conviv\u00eancia da Univasf campus Juazeiro, entre os dias 28 e 31 de mar\u00e7o, nos per\u00edodos da manh\u00e3 e da tarde, das 09h \u00e0s 12h e das 14h \u00e0s 17h.<\/p>\n<p>Mais informa\u00e7\u00f5es em breve!<\/p>\n<p><img loading=\"lazy\" decoding=\"async\" class=\"alignnone size-medium wp-image-1318\" src=\"http:\/\/www.eacc.univasf.edu.br\/site\/wp-content\/uploads\/2023\/03\/191-300x300.png\" alt=\"\" width=\"300\" height=\"300\" srcset=\"https:\/\/eacc.univasf.edu.br\/wp-content\/uploads\/2023\/03\/191-300x300.png 300w, https:\/\/eacc.univasf.edu.br\/wp-content\/uploads\/2023\/03\/191-150x150.png 150w, https:\/\/eacc.univasf.edu.br\/wp-content\/uploads\/2023\/03\/191-768x768.png 768w, https:\/\/eacc.univasf.edu.br\/wp-content\/uploads\/2023\/03\/191-1024x1024.png 1024w, https:\/\/eacc.univasf.edu.br\/wp-content\/uploads\/2023\/03\/191-250x250.png 250w, https:\/\/eacc.univasf.edu.br\/wp-content\/uploads\/2023\/03\/191-174x174.png 174w, https:\/\/eacc.univasf.edu.br\/wp-content\/uploads\/2023\/03\/191.png 1080w\" sizes=\"(max-width: 300px) 100vw, 300px\" \/> <img loading=\"lazy\" decoding=\"async\" class=\"alignnone size-medium wp-image-1319\" src=\"http:\/\/www.eacc.univasf.edu.br\/site\/wp-content\/uploads\/2023\/03\/221-300x300.png\" alt=\"\" width=\"300\" height=\"300\" srcset=\"https:\/\/eacc.univasf.edu.br\/wp-content\/uploads\/2023\/03\/221-300x300.png 300w, https:\/\/eacc.univasf.edu.br\/wp-content\/uploads\/2023\/03\/221-150x150.png 150w, https:\/\/eacc.univasf.edu.br\/wp-content\/uploads\/2023\/03\/221-768x768.png 768w, https:\/\/eacc.univasf.edu.br\/wp-content\/uploads\/2023\/03\/221-1024x1024.png 1024w, https:\/\/eacc.univasf.edu.br\/wp-content\/uploads\/2023\/03\/221-250x250.png 250w, https:\/\/eacc.univasf.edu.br\/wp-content\/uploads\/2023\/03\/221-174x174.png 174w, https:\/\/eacc.univasf.edu.br\/wp-content\/uploads\/2023\/03\/221.png 1080w\" sizes=\"(max-width: 300px) 100vw, 300px\" \/> <img loading=\"lazy\" decoding=\"async\" class=\"alignnone size-medium wp-image-1320\" src=\"http:\/\/www.eacc.univasf.edu.br\/site\/wp-content\/uploads\/2023\/03\/25-300x300.png\" alt=\"\" width=\"300\" height=\"300\" srcset=\"https:\/\/eacc.univasf.edu.br\/wp-content\/uploads\/2023\/03\/25-300x300.png 300w, https:\/\/eacc.univasf.edu.br\/wp-content\/uploads\/2023\/03\/25-150x150.png 150w, https:\/\/eacc.univasf.edu.br\/wp-content\/uploads\/2023\/03\/25-768x768.png 768w, https:\/\/eacc.univasf.edu.br\/wp-content\/uploads\/2023\/03\/25-1024x1024.png 1024w, https:\/\/eacc.univasf.edu.br\/wp-content\/uploads\/2023\/03\/25-250x250.png 250w, https:\/\/eacc.univasf.edu.br\/wp-content\/uploads\/2023\/03\/25-174x174.png 174w, https:\/\/eacc.univasf.edu.br\/wp-content\/uploads\/2023\/03\/25.png 1080w\" sizes=\"(max-width: 300px) 100vw, 300px\" \/><\/p>\n<p>&nbsp;<\/p>\n","protected":false},"excerpt":{"rendered":"<p>A Semana Nacional de Ci\u00eancia e Tecnologia ter\u00e1 como tema o Bicenten\u00e1rio da Independ\u00eancia &#8211; 200 anos de Ci\u00eancia, Tecnologia e Inova\u00e7\u00e3o no Brasil. Nosso projeto tem como t\u00edtulo &#8220;Quem, Onde, Para Qu\u00ea e Para Quem Se Faz Ci\u00eancia no Brasil?&#8221;. O evento ser\u00e1 realizado na \u00e1rea de conviv\u00eancia da Univasf campus Juazeiro, entre os <a href=\"https:\/\/eacc.univasf.edu.br\/index.php\/2023\/03\/07\/snct-eacc-bicentenario-da-independencia\/\" rel=\"nofollow\"><span class=\"sr-only\">Read more about SNCT EACC &#8211; Bicenten\u00e1rio da Independ\u00eancia<\/span>[&hellip;]<\/a><\/p>\n","protected":false},"author":19,"featured_media":1318,"comment_status":"closed","ping_status":"closed","sticky":false,"template":"","format":"image","meta":{"footnotes":""},"categories":[11],"tags":[],"class_list":["post-1317","post","type-post","status-publish","format-image","has-post-thumbnail","hentry","category-event","post_format-post-format-image"],"_links":{"self":[{"href":"https:\/\/eacc.univasf.edu.br\/index.php\/wp-json\/wp\/v2\/posts\/1317"}],"collection":[{"href":"https:\/\/eacc.univasf.edu.br\/index.php\/wp-json\/wp\/v2\/posts"}],"about":[{"href":"https:\/\/eacc.univasf.edu.br\/index.php\/wp-json\/wp\/v2\/types\/post"}],"author":[{"embeddable":true,"href":"https:\/\/eacc.univasf.edu.br\/index.php\/wp-json\/wp\/v2\/users\/19"}],"replies":[{"embeddable":true,"href":"https:\/\/eacc.univasf.edu.br\/index.php\/wp-json\/wp\/v2\/comments?post=1317"}],"version-history":[{"count":4,"href":"https:\/\/eacc.univasf.edu.br\/index.php\/wp-json\/wp\/v2\/posts\/1317\/revisions"}],"predecessor-version":[{"id":1324,"href":"https:\/\/eacc.univasf.edu.br\/index.php\/wp-json\/wp\/v2\/posts\/1317\/revisions\/1324"}],"wp:featuredmedia":[{"embeddable":true,"href":"https:\/\/eacc.univasf.edu.br\/index.php\/wp-json\/wp\/v2\/media\/1318"}],"wp:attachment":[{"href":"https:\/\/eacc.univasf.edu.br\/index.php\/wp-json\/wp\/v2\/media?parent=1317"}],"wp:term":[{"taxonomy":"category","embeddable":true,"href":"https:\/\/eacc.univasf.edu.br\/index.php\/wp-json\/wp\/v2\/categories?post=1317"},{"taxonomy":"post_tag","embeddable":true,"href":"https:\/\/eacc.univasf.edu.br\/index.php\/wp-json\/wp\/v2\/tags?post=1317"}],"curies":[{"name":"wp","href":"https:\/\/api.w.org\/{rel}","templated":true}]}}